{"id":80904,"date":"2024-08-14T18:40:00","date_gmt":"2024-08-14T23:40:00","guid":{"rendered":"https:\/\/www.interaccionnoticias.com.mx\/?p=80904"},"modified":"2024-08-15T03:27:06","modified_gmt":"2024-08-15T08:27:06","slug":"despliegan-seis-destacamentos-militares-en-guerrero","status":"publish","type":"post","link":"https:\/\/www.interaccionnoticias.com.mx\/?p=80904","title":{"rendered":"Despliegan seis destacamentos militares en Guerrero"},"content":{"rendered":"\n<p><strong><em>&#8212; Adicionalmente ser\u00e1n enviados m\u00e1s de 250 solados<br>&#8212; Ser\u00e1 en las zonas de mayor conflicto de la sierra<\/em><\/strong><\/p>\n\n\n\n<p><strong>Javier Trujillo<\/strong><\/p>\n\n\n\n<p><strong>Acapulco, Gro. \u2013<\/strong> Para brindar m\u00e1s seguridad ser\u00e1n desplegadas seis Bases de Operaciones Mixtas (BOM) en comunidades de la zona serrana y costera, y adicionalmente se sumar\u00e1n 250 soldados m\u00e1s.<\/p>\n\n\n\n<p>Lo anterior es parte de los acuerdos a los que llegaron comisarios municipales y ejidales con representantes del gobierno de Guerrero, autoridades militares y ministeriales, tras los bloqueos que duraron m\u00e1s de 35 horas en el poblado costero de Coyuquilla Norte en Petatl\u00e1n.<\/p>\n\n\n\n<p>Las BOM, ser\u00e1n enviadas a las comunidades serranas de Tecpan de Galeana, Petatl\u00e1n y Coyuca de Catal\u00e1n, en los sitios donde las autoridades del comisariado municipal y ejidal as\u00ed lo consideraron.<\/p>\n\n\n\n<p>Entre estos mencionaron que quieren que se ubiquen las Bases de Operaciones en La Palma, otro en Potrerillo que es un cruce de caminos, El Durazno, y Las Golondrinas, que son las zonas donde se incrementa la seguridad.<\/p>\n\n\n\n<p>El mando castrense de la 27 Zona Militar, con sede en Acapulco, Andr\u00e9s Ojeda Ram\u00edrez detall\u00f3 que a las BOM se sumar\u00e1n otros 250 soldados de la (SEDENA), para instalarse en las bases con el personal de Polic\u00eda Estatal, Ej\u00e9rcito Mexicano, y la Fiscal\u00eda General del Estado.<\/p>\n\n\n\n<p>\u201cVamos a incrementar efectivos del 109 Batall\u00f3n de Infanter\u00eda, para que haya en todos los lugares donde ellos (los comisarios y habitantes de las comunidades de la sierra) tienen inter\u00e9s.<\/p>\n\n\n\n<p>\u201cNosotros vamos a estar atentos a la propuesta de ellos, para poder estar en esa comunicaci\u00f3n y coordinaci\u00f3n. Nosotros nos movemos con Bases de Operaciones que son como 30 efectivos, y ser\u00e1n desplegados 250 efectivos adicionales\u201d, dijo el alto mando castrense.<\/p>\n\n\n\n<p>El mando militar, Andr\u00e9s Ojeda Ram\u00edrez, dijo que luego del dialogo que sostuvieron las autoridades estatales y comisarios de comunidades de la ruta Santa Rosa de Lima-El Durazno, a partir de este mi\u00e9rcoles las fuerzas armadas instalar\u00e1n los seis destacamentos en la regi\u00f3n.<\/p>\n\n\n\n<p>\u201cEn general su petici\u00f3n fue fortalecer m\u00e1s a\u00fan, la seguridad en la sierra de Guerrero, ellos comentaban que en algunos puntos se les hace muy poca la fuerza para la seguridad sobre todo en la comunidad de La Palma.<\/p>\n\n\n\n<p>\u201cOtro lugar que se llama El Durazno que est\u00e1 en los l\u00edmites con la 35 Zona Militar, pues le corresponde al 34 Batall\u00f3n de Infanter\u00eda de Ciudad Altamirano, no obstante, se mandar\u00e1 un destacamento\u201d, dijo.<\/p>\n\n\n\n<p>Se\u00f1al\u00f3 que durante la reuni\u00f3n nadie de las autoridades del comisariado ejidal ni municipal se\u00f1alaron a grupos de la delincuencia organizada, negaron que hayan sido hostigados con drones y explosivos, y que eso fue del pasado.<\/p>\n\n\n\n<p>\u201cLo que m\u00e1s les ha perjudicado el robo de ganado, una se\u00f1ora dijo que se llevaron todas sus vacas, y otro m\u00e1s el ganado, es lo que m\u00e1s se dijo, y algunas personas que han perdido la vida.<\/p>\n\n\n\n<p>\u201cLa se\u00f1ora de El Durazno, coment\u00f3 que ah\u00ed viv\u00edan unas mil personas, que a consecuencia de una agresi\u00f3n (ocurrida en diciembre del 2022) decidieron salirse y quedaron unas 150 personas.<\/p>\n\n\n\n<p>\u201cNinguno de los comisarios dijo abiertamente si hay un grupo delictivo, sabemos que hay algunas personas que suben de la Tierra Caliente, que se hacen llamar que pertenecen a la Familia Michoacana, pero ellos no dijeron en particular, sino que llegaban robaban y se iban\u201d, remarc\u00f3.<\/p>\n","protected":false},"excerpt":{"rendered":"<p>&#8212; Adicionalmente ser\u00e1n enviados m\u00e1s de 250 solados&#8212; Ser\u00e1 en las zonas de mayor conflicto de la sierra Javier Trujillo Acapulco, Gro. \u2013 Para brindar m\u00e1s seguridad ser\u00e1n desplegadas seis&hellip; <\/p>\n","protected":false},"author":3,"featured_media":80905,"comment_status":"open","ping_status":"open","sticky":false,"template":"","format":"standard","meta":{"fifu_image_url":"","fifu_image_alt":"","footnotes":""},"categories":[27],"tags":[],"class_list":["post-80904","post","type-post","status-publish","format-standard","has-post-thumbnail","hentry","category-seguridad-publica"],"_links":{"self":[{"href":"https:\/\/www.interaccionnoticias.com.mx\/index.php?rest_route=\/wp\/v2\/posts\/80904","targetHints":{"allow":["GET"]}}],"collection":[{"href":"https:\/\/www.interaccionnoticias.com.mx\/index.php?rest_route=\/wp\/v2\/posts"}],"about":[{"href":"https:\/\/www.interaccionnoticias.com.mx\/index.php?rest_route=\/wp\/v2\/types\/post"}],"author":[{"embeddable":true,"href":"https:\/\/www.interaccionnoticias.com.mx\/index.php?rest_route=\/wp\/v2\/users\/3"}],"replies":[{"embeddable":true,"href":"https:\/\/www.interaccionnoticias.com.mx\/index.php?rest_route=%2Fwp%2Fv2%2Fcomments&post=80904"}],"version-history":[{"count":1,"href":"https:\/\/www.interaccionnoticias.com.mx\/index.php?rest_route=\/wp\/v2\/posts\/80904\/revisions"}],"predecessor-version":[{"id":80906,"href":"https:\/\/www.interaccionnoticias.com.mx\/index.php?rest_route=\/wp\/v2\/posts\/80904\/revisions\/80906"}],"wp:featuredmedia":[{"embeddable":true,"href":"https:\/\/www.interaccionnoticias.com.mx\/index.php?rest_route=\/wp\/v2\/media\/80905"}],"wp:attachment":[{"href":"https:\/\/www.interaccionnoticias.com.mx\/index.php?rest_route=%2Fwp%2Fv2%2Fmedia&parent=80904"}],"wp:term":[{"taxonomy":"category","embeddable":true,"href":"https:\/\/www.interaccionnoticias.com.mx\/index.php?rest_route=%2Fwp%2Fv2%2Fcategories&post=80904"},{"taxonomy":"post_tag","embeddable":true,"href":"https:\/\/www.interaccionnoticias.com.mx\/index.php?rest_route=%2Fwp%2Fv2%2Ftags&post=80904"}],"curies":[{"name":"wp","href":"https:\/\/api.w.org\/{rel}","templated":true}]}}