{"id":80874,"date":"2024-08-14T13:58:00","date_gmt":"2024-08-14T18:58:00","guid":{"rendered":"https:\/\/www.interaccionnoticias.com.mx\/?p=80874"},"modified":"2024-08-15T02:59:37","modified_gmt":"2024-08-15T07:59:37","slug":"reportan-la-desaparicion-de-un-nino-de-8-anos-en-buenavista-de-cuellar","status":"publish","type":"post","link":"https:\/\/www.interaccionnoticias.com.mx\/?p=80874","title":{"rendered":"Reportan la desaparici\u00f3n de un ni\u00f1o de 8 a\u00f1os, en Buenavista de Cuellar"},"content":{"rendered":"\n<p><strong><em>El menor lleva m\u00e1s de 20 d\u00edas desaparecido<\/em><\/strong><\/p>\n\n\n\n<p><strong>Jes\u00fas Dorantes<\/strong><\/p>\n\n\n\n<p><strong>Chilpancingo, Gro.-<\/strong> La Fiscal\u00eda General del Estado (FGE) emiti\u00f3 una Alerta Amber por la desaparici\u00f3n del peque\u00f1o Fabrizzio Monta\u00f1o Escobar, quien lleva 21 d\u00edas desparecido en el municipio de Buenavista de Cuellar, en la regi\u00f3n Norte de la entidad.<\/p>\n\n\n\n<p>De acuerdo con la ficha emitida este mi\u00e9rcoles 14 de agosto, se destaca que la desaparici\u00f3n ocurri\u00f3 el 25 de julio del a\u00f1o en curso, en la comunidad de Tepeltla, municipio de Buenavista de Cuellar.<\/p>\n\n\n\n<p>Sin embargo, se destaca que la denuncia se interpuso hasta el martes 13 de agosto.<\/p>\n\n\n\n<p>En la ficha emitida por la Alerta Amber, de especifica que el ni\u00f1o Fabrizzio Monta\u00f1o es de tez morena, de complexi\u00f3n delgada, cabello casta\u00f1o claro, cejas semi pobladas, ojos medianos, nariz ancha y labios delgados.<\/p>\n\n\n\n<p>Como se\u00f1as particulares se especifica qu\u00e9 tiene una cicatriz en la frente de 3 cent\u00edmetros del lado izquierdo, por lo que se solicita a la ciudadan\u00eda su apoyo en caso de tener informaci\u00f3n sobre el paradero del menor, pues que se teme que pueda ser v\u00edctima de un delito.<\/p>\n\n\n\n<p>Hasta el momento no se informa si hay un despliegue en esa parte de la regi\u00f3n Norte para acelerar su localizaci\u00f3n.<\/p>\n\n\n\n<div class=\"wp-block-jetpack-slideshow aligncenter\" data-effect=\"slide\"><div class=\"wp-block-jetpack-slideshow_container swiper-container\"><ul class=\"wp-block-jetpack-slideshow_swiper-wrapper swiper-wrapper\"><li class=\"wp-block-jetpack-slideshow_slide swiper-slide\"><figure><img decoding=\"async\" src=\"data:image\/gif;base64,R0lGODlhAQABAIAAAAAAAP\/\/\/ywAAAAAAQABAAACAUwAOw==\" fifu-lazy=\"1\" fifu-data-sizes=\"auto\" fifu-data-srcset=\"https:\/\/i3.wp.com\/www.interaccionnoticias.com.mx\/wp-content\/uploads\/2024\/08\/240814-Fabrizzio-Montano-Escobar-790x1024.jpg?ssl=1&w=75&resize=75&ssl=1 75w, https:\/\/i3.wp.com\/www.interaccionnoticias.com.mx\/wp-content\/uploads\/2024\/08\/240814-Fabrizzio-Montano-Escobar-790x1024.jpg?ssl=1&w=100&resize=100&ssl=1 100w, https:\/\/i3.wp.com\/www.interaccionnoticias.com.mx\/wp-content\/uploads\/2024\/08\/240814-Fabrizzio-Montano-Escobar-790x1024.jpg?ssl=1&w=150&resize=150&ssl=1 150w, https:\/\/i3.wp.com\/www.interaccionnoticias.com.mx\/wp-content\/uploads\/2024\/08\/240814-Fabrizzio-Montano-Escobar-790x1024.jpg?ssl=1&w=240&resize=240&ssl=1 240w, https:\/\/i3.wp.com\/www.interaccionnoticias.com.mx\/wp-content\/uploads\/2024\/08\/240814-Fabrizzio-Montano-Escobar-790x1024.jpg?ssl=1&w=320&resize=320&ssl=1 320w, https:\/\/i3.wp.com\/www.interaccionnoticias.com.mx\/wp-content\/uploads\/2024\/08\/240814-Fabrizzio-Montano-Escobar-790x1024.jpg?ssl=1&w=500&resize=500&ssl=1 500w, https:\/\/i3.wp.com\/www.interaccionnoticias.com.mx\/wp-content\/uploads\/2024\/08\/240814-Fabrizzio-Montano-Escobar-790x1024.jpg?ssl=1&w=640&resize=640&ssl=1 640w, https:\/\/i3.wp.com\/www.interaccionnoticias.com.mx\/wp-content\/uploads\/2024\/08\/240814-Fabrizzio-Montano-Escobar-790x1024.jpg?ssl=1&w=800&resize=800&ssl=1 800w, https:\/\/i3.wp.com\/www.interaccionnoticias.com.mx\/wp-content\/uploads\/2024\/08\/240814-Fabrizzio-Montano-Escobar-790x1024.jpg?ssl=1&w=1024&resize=1024&ssl=1 1024w, https:\/\/i3.wp.com\/www.interaccionnoticias.com.mx\/wp-content\/uploads\/2024\/08\/240814-Fabrizzio-Montano-Escobar-790x1024.jpg?ssl=1&w=1280&resize=1280&ssl=1 1280w, https:\/\/i3.wp.com\/www.interaccionnoticias.com.mx\/wp-content\/uploads\/2024\/08\/240814-Fabrizzio-Montano-Escobar-790x1024.jpg?ssl=1&w=1600&resize=1600&ssl=1 1600w\" alt=\"\" class=\"wp-block-jetpack-slideshow_image wp-image-80875\" data-id=\"80875\" fifu-data-src=\"https:\/\/i3.wp.com\/www.interaccionnoticias.com.mx\/wp-content\/uploads\/2024\/08\/240814-Fabrizzio-Montano-Escobar-790x1024.jpg?ssl=1\"\/><\/figure><\/li><\/ul><a class=\"wp-block-jetpack-slideshow_button-prev swiper-button-prev swiper-button-white\" role=\"button\"><\/a><a class=\"wp-block-jetpack-slideshow_button-next swiper-button-next swiper-button-white\" role=\"button\"><\/a><a aria-label=\"Pause Slideshow\" class=\"wp-block-jetpack-slideshow_button-pause\" role=\"button\"><\/a><div class=\"wp-block-jetpack-slideshow_pagination swiper-pagination swiper-pagination-white\"><\/div><\/div><\/div>\n","protected":false},"excerpt":{"rendered":"<p>El menor lleva m\u00e1s de 20 d\u00edas desaparecido Jes\u00fas Dorantes Chilpancingo, Gro.- La Fiscal\u00eda General del Estado (FGE) emiti\u00f3 una Alerta Amber por la desaparici\u00f3n del peque\u00f1o Fabrizzio Monta\u00f1o Escobar,&hellip; <\/p>\n","protected":false},"author":8,"featured_media":80876,"comment_status":"open","ping_status":"open","sticky":false,"template":"","format":"standard","meta":{"fifu_image_url":"","fifu_image_alt":"","footnotes":""},"categories":[27],"tags":[],"class_list":["post-80874","post","type-post","status-publish","format-standard","has-post-thumbnail","hentry","category-seguridad-publica"],"_links":{"self":[{"href":"https:\/\/www.interaccionnoticias.com.mx\/index.php?rest_route=\/wp\/v2\/posts\/80874","targetHints":{"allow":["GET"]}}],"collection":[{"href":"https:\/\/www.interaccionnoticias.com.mx\/index.php?rest_route=\/wp\/v2\/posts"}],"about":[{"href":"https:\/\/www.interaccionnoticias.com.mx\/index.php?rest_route=\/wp\/v2\/types\/post"}],"author":[{"embeddable":true,"href":"https:\/\/www.interaccionnoticias.com.mx\/index.php?rest_route=\/wp\/v2\/users\/8"}],"replies":[{"embeddable":true,"href":"https:\/\/www.interaccionnoticias.com.mx\/index.php?rest_route=%2Fwp%2Fv2%2Fcomments&post=80874"}],"version-history":[{"count":1,"href":"https:\/\/www.interaccionnoticias.com.mx\/index.php?rest_route=\/wp\/v2\/posts\/80874\/revisions"}],"predecessor-version":[{"id":80877,"href":"https:\/\/www.interaccionnoticias.com.mx\/index.php?rest_route=\/wp\/v2\/posts\/80874\/revisions\/80877"}],"wp:featuredmedia":[{"embeddable":true,"href":"https:\/\/www.interaccionnoticias.com.mx\/index.php?rest_route=\/wp\/v2\/media\/80876"}],"wp:attachment":[{"href":"https:\/\/www.interaccionnoticias.com.mx\/index.php?rest_route=%2Fwp%2Fv2%2Fmedia&parent=80874"}],"wp:term":[{"taxonomy":"category","embeddable":true,"href":"https:\/\/www.interaccionnoticias.com.mx\/index.php?rest_route=%2Fwp%2Fv2%2Fcategories&post=80874"},{"taxonomy":"post_tag","embeddable":true,"href":"https:\/\/www.interaccionnoticias.com.mx\/index.php?rest_route=%2Fwp%2Fv2%2Ftags&post=80874"}],"curies":[{"name":"wp","href":"https:\/\/api.w.org\/{rel}","templated":true}]}}