{"id":80861,"date":"2024-08-13T19:00:00","date_gmt":"2024-08-14T00:00:00","guid":{"rendered":"https:\/\/www.interaccionnoticias.com.mx\/?p=80861"},"modified":"2024-08-15T02:34:04","modified_gmt":"2024-08-15T07:34:04","slug":"luego-de-32-horas-liberan-la-carretera-en-zihuatanejo","status":"publish","type":"post","link":"https:\/\/www.interaccionnoticias.com.mx\/?p=80861","title":{"rendered":"Luego de 32 horas, liberan la carretera en Zihuatanejo"},"content":{"rendered":"\n<p><em><strong>&#8212; Acuerdan comisarios y autoridades reforzar la seguridad<br>&#8212; Comisarios de la costa y la sierra liberan la v\u00eda federal<\/strong><\/em><\/p>\n\n\n\n<p><strong>Javier Trujillo<\/strong><\/p>\n\n\n\n<p><strong>Acapulco, Gro. &#8211;<\/strong> Acuerdan reforzar la seguridad en 30 comunidades de la sierra y costa de Petatl\u00e1n y Tecpan de Galeana, regi\u00f3n de la Costa Grande, y tras m\u00e1s de 32 horas de bloqueo, liberan la v\u00eda federal Acapulco-Zihuatanejo.<\/p>\n\n\n\n<p>Demandan la instalaci\u00f3n de m\u00e1s bases militares, se realicen m\u00e1s patrullajes de fuerzas federales, estatales, y aumente el n\u00famero de agentes de la Polic\u00eda de Investigaci\u00f3n Ministerial y Guardia Nacional.<\/p>\n\n\n\n<p>As\u00ed, ayer unos 400 manifestantes de comunidades de la sierra y costa Tecpan de Galeana y Petatl\u00e1n, iniciaron un bloqueo en la comunidad de Coyuquillas Norte, exig\u00edan soluci\u00f3n a sus demandas.<\/p>\n\n\n\n<p>La principal exigencia de los pobladores era incrementar la seguridad en comunidades como La Palma, El Parotal, San Antonio Las Tejas, El Durazno, La Mona, El Camar\u00f3n, entre otras.<\/p>\n\n\n\n<p>Cabe mencionar que se han documentado los ataques con explosivos lanzados desde drones en viviendas, reservas de bosques, rancher\u00edas, as\u00ed como ganado y pastizales en los \u00faltimos meses.<\/p>\n\n\n\n<p>Adicionalmente se\u00f1alaron la ser\u00eda de ataques cometidos contra los habitantes de la comunidad de La Palma, y el aumento de cobro de cuotas, extorsiones y derecho de piso en los poblados de la costa a manos de criminales.<\/p>\n\n\n\n<p>Este martes, aproximadamente a las 06:30 horas, 21 horas despu\u00e9s de haber iniciado el cierre de la carretera, permitieron el paso de turistas con menores de edad, as\u00ed como las personas que est\u00e1n enfermas.<\/p>\n\n\n\n<p>As\u00ed, durante casi dos horas liberaron parcialmente el paso de veh\u00edculos particulares, no as\u00ed del transporte p\u00fablico, y mucho menos de carga.<\/p>\n\n\n\n<p>Aproximadamente a las 14 horas se llev\u00f3 a cabo una primera reuni\u00f3n entre autoridades del gobierno de Guerrero y los representantes de los manifestantes, principalmente de las comunidades.<\/p>\n\n\n\n<p>En un principio se realizar\u00eda ante la presencia de la gobernadora del estado, Evelyn Salgado, as\u00ed como otros funcionarios de la Secretar\u00eda General de Gobierno, Seguridad P\u00fablica, y la Fiscal\u00eda General del Estado.<\/p>\n\n\n\n<p>Despu\u00e9s se acord\u00f3 que ser\u00eda en Santa Rosa de Lima, luego se trasladaron a la cabecera municipal de Petatl\u00e1n, donde finalmente se lleg\u00f3 a un acuerdo entre los pobladores y las autoridades.<\/p>\n","protected":false},"excerpt":{"rendered":"<p>&#8212; Acuerdan comisarios y autoridades reforzar la seguridad&#8212; Comisarios de la costa y la sierra liberan la v\u00eda federal Javier Trujillo Acapulco, Gro. &#8211; Acuerdan reforzar la seguridad en 30&hellip; <\/p>\n","protected":false},"author":3,"featured_media":80862,"comment_status":"open","ping_status":"open","sticky":false,"template":"","format":"standard","meta":{"fifu_image_url":"","fifu_image_alt":"","footnotes":""},"categories":[11],"tags":[],"class_list":["post-80861","post","type-post","status-publish","format-standard","has-post-thumbnail","hentry","category-guerrero"],"_links":{"self":[{"href":"https:\/\/www.interaccionnoticias.com.mx\/index.php?rest_route=\/wp\/v2\/posts\/80861","targetHints":{"allow":["GET"]}}],"collection":[{"href":"https:\/\/www.interaccionnoticias.com.mx\/index.php?rest_route=\/wp\/v2\/posts"}],"about":[{"href":"https:\/\/www.interaccionnoticias.com.mx\/index.php?rest_route=\/wp\/v2\/types\/post"}],"author":[{"embeddable":true,"href":"https:\/\/www.interaccionnoticias.com.mx\/index.php?rest_route=\/wp\/v2\/users\/3"}],"replies":[{"embeddable":true,"href":"https:\/\/www.interaccionnoticias.com.mx\/index.php?rest_route=%2Fwp%2Fv2%2Fcomments&post=80861"}],"version-history":[{"count":1,"href":"https:\/\/www.interaccionnoticias.com.mx\/index.php?rest_route=\/wp\/v2\/posts\/80861\/revisions"}],"predecessor-version":[{"id":80863,"href":"https:\/\/www.interaccionnoticias.com.mx\/index.php?rest_route=\/wp\/v2\/posts\/80861\/revisions\/80863"}],"wp:featuredmedia":[{"embeddable":true,"href":"https:\/\/www.interaccionnoticias.com.mx\/index.php?rest_route=\/wp\/v2\/media\/80862"}],"wp:attachment":[{"href":"https:\/\/www.interaccionnoticias.com.mx\/index.php?rest_route=%2Fwp%2Fv2%2Fmedia&parent=80861"}],"wp:term":[{"taxonomy":"category","embeddable":true,"href":"https:\/\/www.interaccionnoticias.com.mx\/index.php?rest_route=%2Fwp%2Fv2%2Fcategories&post=80861"},{"taxonomy":"post_tag","embeddable":true,"href":"https:\/\/www.interaccionnoticias.com.mx\/index.php?rest_route=%2Fwp%2Fv2%2Ftags&post=80861"}],"curies":[{"name":"wp","href":"https:\/\/api.w.org\/{rel}","templated":true}]}}