{"id":80849,"date":"2024-08-13T17:10:00","date_gmt":"2024-08-13T22:10:00","guid":{"rendered":"https:\/\/www.interaccionnoticias.com.mx\/?p=80849"},"modified":"2024-08-15T02:22:17","modified_gmt":"2024-08-15T07:22:17","slug":"diputados-del-pri-guerrero-eligen-a-su-coordinador-parlamentario","status":"publish","type":"post","link":"https:\/\/www.interaccionnoticias.com.mx\/?p=80849","title":{"rendered":"Diputados del PRI-Guerrero eligen a su coordinador parlamentario"},"content":{"rendered":"\n<p><strong><em>&#8212; Es Alejandro Bravo Abarca, actual presidente del Comit\u00e9 Estatal<\/em><\/strong><\/p>\n\n\n\n<p><strong>Rogelio Agust\u00edn<\/strong><\/p>\n\n\n\n<p>El dirigente estatal del PRI, Alejandro Bravo Abarca fue electo coordinador del Grupo Parlamentario de dicho instituto pol\u00edtico en la 64 Legislatura local, que se instalar\u00e1 el 1 de septiembre.<\/p>\n\n\n\n<p>El acuerdo se dio a conocer la tarde del martes 13 de agosto, tras una reunion que los seis diputados locales del PRI-Guerrero sostuvieron en la capital de Guerrero.<\/p>\n\n\n\n<p>En el encuentro estuvieron Pilat Vadillo Ruiz, quien se desempe\u00f1a como secretaria general del Comit\u00e9 Directivo Estatal (CDE) del partido tricolor.<\/p>\n\n\n\n<p>Estuvo tambi\u00e9n la secretaria general de la secci\u00f3n 36 del Sindicato Nacional de Trabajadores de la Secretar\u00eda de Salud (SNTSA), quien llega al Congreso por la v\u00eda de la representaci\u00f3n proporcional.<\/p>\n\n\n\n<p>Tambi\u00e9n acudieron Jes\u00fas Parra Garc\u00eda, Bulmaro Torres Berrum y V\u00edctor Hugo Vega Hern\u00e1ndez.<\/p>\n\n\n\n<p>La decisi\u00f3n a favor de que Bravo Abarca fuera el coordinador parlamentario, de acuerdo con la informaci\u00f3n dada a conocer la tarde del martes fue un\u00e1nime.<\/p>\n\n\n\n<p>Durante la reuni\u00f3n, los seis diputados locales del PRI se enlazaron con Manuel A\u00f1orve Ba\u00f1os, quien el lunes 12 de agosto fue electo coordinador del tricolor en el Senado de la Republica, cargo que actualmente ostenda.<\/p>\n","protected":false},"excerpt":{"rendered":"<p>&#8212; Es Alejandro Bravo Abarca, actual presidente del Comit\u00e9 Estatal Rogelio Agust\u00edn El dirigente estatal del PRI, Alejandro Bravo Abarca fue electo coordinador del Grupo Parlamentario de dicho instituto pol\u00edtico&hellip; <\/p>\n","protected":false},"author":21,"featured_media":80850,"comment_status":"open","ping_status":"open","sticky":false,"template":"","format":"standard","meta":{"fifu_image_url":"","fifu_image_alt":"","footnotes":""},"categories":[2],"tags":[],"class_list":["post-80849","post","type-post","status-publish","format-standard","has-post-thumbnail","hentry","category-congreso"],"_links":{"self":[{"href":"https:\/\/www.interaccionnoticias.com.mx\/index.php?rest_route=\/wp\/v2\/posts\/80849","targetHints":{"allow":["GET"]}}],"collection":[{"href":"https:\/\/www.interaccionnoticias.com.mx\/index.php?rest_route=\/wp\/v2\/posts"}],"about":[{"href":"https:\/\/www.interaccionnoticias.com.mx\/index.php?rest_route=\/wp\/v2\/types\/post"}],"author":[{"embeddable":true,"href":"https:\/\/www.interaccionnoticias.com.mx\/index.php?rest_route=\/wp\/v2\/users\/21"}],"replies":[{"embeddable":true,"href":"https:\/\/www.interaccionnoticias.com.mx\/index.php?rest_route=%2Fwp%2Fv2%2Fcomments&post=80849"}],"version-history":[{"count":1,"href":"https:\/\/www.interaccionnoticias.com.mx\/index.php?rest_route=\/wp\/v2\/posts\/80849\/revisions"}],"predecessor-version":[{"id":80851,"href":"https:\/\/www.interaccionnoticias.com.mx\/index.php?rest_route=\/wp\/v2\/posts\/80849\/revisions\/80851"}],"wp:featuredmedia":[{"embeddable":true,"href":"https:\/\/www.interaccionnoticias.com.mx\/index.php?rest_route=\/wp\/v2\/media\/80850"}],"wp:attachment":[{"href":"https:\/\/www.interaccionnoticias.com.mx\/index.php?rest_route=%2Fwp%2Fv2%2Fmedia&parent=80849"}],"wp:term":[{"taxonomy":"category","embeddable":true,"href":"https:\/\/www.interaccionnoticias.com.mx\/index.php?rest_route=%2Fwp%2Fv2%2Fcategories&post=80849"},{"taxonomy":"post_tag","embeddable":true,"href":"https:\/\/www.interaccionnoticias.com.mx\/index.php?rest_route=%2Fwp%2Fv2%2Ftags&post=80849"}],"curies":[{"name":"wp","href":"https:\/\/api.w.org\/{rel}","templated":true}]}}