{"id":8070,"date":"2017-09-15T13:24:50","date_gmt":"2017-09-15T18:24:50","guid":{"rendered":"http:\/\/www.inter-accion.com.mx\/?p=8070"},"modified":"2017-09-15T13:24:50","modified_gmt":"2017-09-15T18:24:50","slug":"si-hubo-excesos-que-normalistas-denuncien-propone-pri","status":"publish","type":"post","link":"https:\/\/www.interaccionnoticias.com.mx\/?p=8070","title":{"rendered":"Si hubo excesos, que normalistas denuncien, propone PRI"},"content":{"rendered":"<p>La dirigencia priista en Guerrero, llam\u00f3 a la base estudiantil de la normal de Ayotzinapa, a presentar las denuncias correspondientes, si es que hubo un uso excesivo de la fuerza p\u00fablica, durante un choque entre estudiantes y elementos de la Polic\u00eda Estatal.<br \/>\nEl d\u00eda mi\u00e9rcoles, este medio informativo detall\u00f3 que los estudiantes transitaban abordo de un autob\u00fas por el nuevo libramiento a Tixtla, al mismo tiempo que se iban apoderando de veh\u00edculos distribuidores de productos.<br \/>\nPor lo cual, comenzaron a ser seguidos por elementos de la Polic\u00eda Estatal, quienes posteriormente dispararon contra los neum\u00e1ticos del autob\u00fas y posteriormente, procedieron a la detenci\u00f3n de 10 estudiantes.<br \/>\nEl hecho provoc\u00f3 la reacci\u00f3n del Partido de la Revoluci\u00f3n Democr\u00e1tica (PRD), que pidi\u00f3 la intervenci\u00f3n de la Comisi\u00f3n de Derechos Humanos del Estado de Guerrero (CDHEG), para probar que efectivamente hubo disparos antes de la detenci\u00f3n de los estudiantes.<br \/>\nEl l\u00edder del Partido Revolucionario Institucional (PRI), Heriberto Huicochea V\u00e1zquez, dijo que las opiniones del Partido de la Revoluci\u00f3n Democr\u00e1tica (PRD), no abonaban a la gobernabilidad en Guerrero.<br \/>\nAsimismo, llam\u00f3 a los normalistas de Ayotzinapa, a interponer la denuncia correspondiente, si hubo un uso excesivo de la fuerza p\u00fablica.<br \/>\n\u00abYo hasta donde tengo entendido, se est\u00e1 actuando bajo la ley, y con respeto a los derechos humanos\u00bb, se\u00f1al\u00f3 el priista.<br \/>\nExhort\u00f3 al perredismo, a no emitir narraciones de los hechos, porque ning\u00fan partido pol\u00edtico esta convertido en una agencia investigadora.<\/p>\n","protected":false},"excerpt":{"rendered":"<p>La dirigencia priista en Guerrero, llam\u00f3 a la base estudiantil de la normal de Ayotzinapa, a presentar las denuncias correspondientes, si es que hubo un uso excesivo de la fuerza&hellip; <\/p>\n","protected":false},"author":1,"featured_media":0,"comment_status":"closed","ping_status":"closed","sticky":false,"template":"","format":"standard","meta":{"fifu_image_url":"","fifu_image_alt":"","footnotes":""},"categories":[8,18],"tags":[],"class_list":["post-8070","post","type-post","status-publish","format-standard","hentry","category-featured","category-partidos-politicos"],"_links":{"self":[{"href":"https:\/\/www.interaccionnoticias.com.mx\/index.php?rest_route=\/wp\/v2\/posts\/8070","targetHints":{"allow":["GET"]}}],"collection":[{"href":"https:\/\/www.interaccionnoticias.com.mx\/index.php?rest_route=\/wp\/v2\/posts"}],"about":[{"href":"https:\/\/www.interaccionnoticias.com.mx\/index.php?rest_route=\/wp\/v2\/types\/post"}],"author":[{"embeddable":true,"href":"https:\/\/www.interaccionnoticias.com.mx\/index.php?rest_route=\/wp\/v2\/users\/1"}],"replies":[{"embeddable":true,"href":"https:\/\/www.interaccionnoticias.com.mx\/index.php?rest_route=%2Fwp%2Fv2%2Fcomments&post=8070"}],"version-history":[{"count":0,"href":"https:\/\/www.interaccionnoticias.com.mx\/index.php?rest_route=\/wp\/v2\/posts\/8070\/revisions"}],"wp:attachment":[{"href":"https:\/\/www.interaccionnoticias.com.mx\/index.php?rest_route=%2Fwp%2Fv2%2Fmedia&parent=8070"}],"wp:term":[{"taxonomy":"category","embeddable":true,"href":"https:\/\/www.interaccionnoticias.com.mx\/index.php?rest_route=%2Fwp%2Fv2%2Fcategories&post=8070"},{"taxonomy":"post_tag","embeddable":true,"href":"https:\/\/www.interaccionnoticias.com.mx\/index.php?rest_route=%2Fwp%2Fv2%2Ftags&post=8070"}],"curies":[{"name":"wp","href":"https:\/\/api.w.org\/{rel}","templated":true}]}}