{"id":8050,"date":"2017-09-14T20:41:56","date_gmt":"2017-09-15T01:41:56","guid":{"rendered":"http:\/\/www.inter-accion.com.mx\/?p=8050"},"modified":"2017-09-14T20:41:56","modified_gmt":"2017-09-15T01:41:56","slug":"avionetazo-en-la-sierra-de-chilpancingo-mueren-los-tripulantes-2","status":"publish","type":"post","link":"https:\/\/www.interaccionnoticias.com.mx\/?p=8050","title":{"rendered":"Avionetazo en la Sierra de Chilpancingo, mueren los tripulantes"},"content":{"rendered":"<div id=\":12j\" class=\"ii gt adP adO\">\n<div id=\":136\" class=\"a3s aXjCH m15e82b0552cf8f4b\">\n<div dir=\"ltr\">\n<div id=\"m_9164001261030259510divtagdefaultwrapper\" dir=\"ltr\">\n<div>\n<div>\n<div id=\"m_9164001261030259510divtagdefaultwrapper\" dir=\"ltr\">\n<div>\n<div>\n<div id=\"m_9164001261030259510divtagdefaultwrapper\" dir=\"ltr\">\n<div>\n<div><strong>&nbsp;Eran dos los tripulantes,&nbsp;ninguno sobrevivi\u00f3 al impacto<br \/>\n<\/strong><\/div>\n<div>El secretario de Protecci\u00f3n Civil de Chilpancingo, Gustavo Vela Guevara confirm\u00f3 la ca\u00edda de una avioneta en las inmediaciones&nbsp; de San Vicente, comunidad ubicada en la parte serrana del municipio.<br \/>\nVela Guevara&nbsp;coment\u00f3 que la noche del mi\u00e9rcoles 13 de septiembre, autoridades comunitarias de Coapango y San Vicente reportaron el siniestro.\n<\/div>\n<div>\u00abLas autoridades de ambas localidades nos indicaron que la tarde del mi\u00e9rcoles hab\u00eda mucha niebla en la zona, que no se pod\u00eda ver ni a dos metros de distancia, alrededor de las 14:00 horas&nbsp;escucharon el motor de lo que parec\u00eda una avioneta y despu\u00e9s una fuerte explosi\u00f3n\u00bb, indic\u00f3 el funcionario.<br \/>\nTras el impacto, una comisi\u00f3n de habitantes de San Vicente subi\u00f3 hacia el cerro en que se escuch\u00f3 el impacto y la explosi\u00f3n, lo que encontraron fueron las piezas esparcidas de una avioneta, muchas de ellas a\u00fan se encontraban en llamas.<br \/>\n\u00abHab\u00eda restos de cuerpos humanos esparcidos, no sabemos cuantos eran, pero las personas que viajaban en esa avioneta no sobrevivieron, m\u00e1s a\u00fan, sus cuerpos&nbsp;quedaron despedazados\u00bb, dijo un habitante se San Vicente, que solicit\u00f3 no se manejara su nombre.<br \/>\nSe inform\u00f3 que la tarde del jueves, al punto del impacto se trasladar\u00eda personal de Protecci\u00f3n Civil de Chilpancingo, elementos de la Polic\u00eda del Estado y de la Secretar\u00eda de la Defensa Nacional (SEDENA).<br \/>\nTambi\u00e9n se espera el traslado de peritos de la Fiscal\u00eda General del Estado (FGE) y del Servicio M\u00e9dico Forense (SEMEFO) para trasladar los cad\u00e1veres hacia la morgue, en la cabecera municipal.<\/div>\n<div>Se espera que las instituciones del estado y la federaci\u00f3n tengan informaci\u00f3n m\u00e1s puntual durante las primeras horas del viernes 15.&nbsp;<\/div>\n<div>Entrada la tarde, el servicio de Aeron\u00e1utica Civil de M\u00e9xico confirm\u00f3 el extrav\u00edo de una avioneta marca PA31, tipo Navajo con matricula XBOVE, que viajaba de Toluca hacia el puerto de Acapulco, el ultima ubicaci\u00f3n fue en la comunidad de Filo de Caballos, en el municipio de Eduardo Neri y despu\u00e9s se perdi\u00f3 la comunicaci\u00f3n.<\/div>\n<div>Se precis\u00f3 que en dicha aeronave viajaban dos personas.<\/div>\n<div class=\"yj6qo\">&nbsp;<\/div>\n<\/div>\n<\/div>\n<\/div>\n<\/div>\n<\/div>\n<\/div>\n<\/div>\n<\/div>\n<\/div>\n<\/div>\n<\/div>\n<div id=\":11d\" class=\"hq gt\">&nbsp;<\/div>\n","protected":false},"excerpt":{"rendered":"<p>&nbsp;Eran dos los tripulantes,&nbsp;ninguno sobrevivi\u00f3 al impacto El secretario de Protecci\u00f3n Civil de Chilpancingo, Gustavo Vela Guevara confirm\u00f3 la ca\u00edda de una avioneta en las inmediaciones&nbsp; de San Vicente, comunidad&hellip; <\/p>\n","protected":false},"author":1,"featured_media":0,"comment_status":"closed","ping_status":"closed","sticky":false,"template":"","format":"standard","meta":{"fifu_image_url":"","fifu_image_alt":"","footnotes":""},"categories":[8,23],"tags":[],"class_list":["post-8050","post","type-post","status-publish","format-standard","hentry","category-featured","category-regionales"],"_links":{"self":[{"href":"https:\/\/www.interaccionnoticias.com.mx\/index.php?rest_route=\/wp\/v2\/posts\/8050","targetHints":{"allow":["GET"]}}],"collection":[{"href":"https:\/\/www.interaccionnoticias.com.mx\/index.php?rest_route=\/wp\/v2\/posts"}],"about":[{"href":"https:\/\/www.interaccionnoticias.com.mx\/index.php?rest_route=\/wp\/v2\/types\/post"}],"author":[{"embeddable":true,"href":"https:\/\/www.interaccionnoticias.com.mx\/index.php?rest_route=\/wp\/v2\/users\/1"}],"replies":[{"embeddable":true,"href":"https:\/\/www.interaccionnoticias.com.mx\/index.php?rest_route=%2Fwp%2Fv2%2Fcomments&post=8050"}],"version-history":[{"count":0,"href":"https:\/\/www.interaccionnoticias.com.mx\/index.php?rest_route=\/wp\/v2\/posts\/8050\/revisions"}],"wp:attachment":[{"href":"https:\/\/www.interaccionnoticias.com.mx\/index.php?rest_route=%2Fwp%2Fv2%2Fmedia&parent=8050"}],"wp:term":[{"taxonomy":"category","embeddable":true,"href":"https:\/\/www.interaccionnoticias.com.mx\/index.php?rest_route=%2Fwp%2Fv2%2Fcategories&post=8050"},{"taxonomy":"post_tag","embeddable":true,"href":"https:\/\/www.interaccionnoticias.com.mx\/index.php?rest_route=%2Fwp%2Fv2%2Ftags&post=8050"}],"curies":[{"name":"wp","href":"https:\/\/api.w.org\/{rel}","templated":true}]}}