{"id":8043,"date":"2017-09-14T22:25:07","date_gmt":"2017-09-15T03:25:07","guid":{"rendered":"http:\/\/www.inter-accion.com.mx\/?p=8043"},"modified":"2017-09-14T22:25:07","modified_gmt":"2017-09-15T03:25:07","slug":"suspenden-clases-en-12-mil-300-escuelas-en-guerrero","status":"publish","type":"post","link":"https:\/\/www.interaccionnoticias.com.mx\/?p=8043","title":{"rendered":"Suspenden clases en 12 mil 300 escuelas en Guerrero"},"content":{"rendered":"<p>Por efectos del hurac\u00e1n \u201cMax\u201d, informa SPC<br \/>\n<strong>&nbsp;Acapulco, <\/strong>&nbsp;Las torrenciales lluvias y r\u00e1fagas de viento ocasionados por el hurac\u00e1n \u201cMax\u201d, autoridades de Guerrero, determinaron suspender las clases en todos los niveles educativos, como medida precautoria.<br \/>\nEl titular de la Secretar\u00eda de Educaci\u00f3n Guerrero, Jos\u00e9 Luis Gonz\u00e1lez de la Vega, confirm\u00f3 que el monitoreo del fen\u00f3meno meteorol\u00f3gico permiti\u00f3 determinar la suspensi\u00f3n de clases en las ocho regiones educativas de la entidad, luego de que alcanz\u00f3 la categor\u00eda de hurac\u00e1n.<br \/>\n\u201cEl d\u00eda de hoy se suspendieron clases en las doce mil 300 planteles de educaci\u00f3n inicial hasta superior. Porque los fen\u00f3menos naturales no pueden ser predecibles, porque ya se hab\u00eda convertido en hurac\u00e1n\u201d, remarc\u00f3 el titular de la SEG en Guerrero, al ser entrevistado en Acapulco.<br \/>\nAdem\u00e1s la Coordinaci\u00f3n de Protecci\u00f3n Civil informa que la actualizaci\u00f3n hasta las 13:00 horas, que el ojo del hurac\u00e1n \u201cMax\u201d, categor\u00eda 1, el cual se encuentra a 20 Kil\u00f3metros de la l\u00ednea de costa del municipio de San Marcos y a 70 kil\u00f3metros del puerto de Acapulco, Guerrero.<br \/>\nSe precisa que increment\u00f3 la fuerza de sus vientos a 140 kil\u00f3metros por hora, con rachas hasta de 180. Se mantiene la \u201cAlerta Roja\u201d y se pide extremar precauciones las pr\u00f3ximas horas debido al impacto en tierra.<br \/>\nAntes, por la ma\u00f1ana el gobernador H\u00e9ctor Astudillo Flores, determin\u00f3 la suspensi\u00f3n de clases en todos los niveles educativos del puerto de Acapulco, por las fuertes lluvias que provoca el hurac\u00e1n \u201cMax\u201d.<br \/>\nEn un mensaje radiof\u00f3nico, el mandatario se\u00f1al\u00f3 que \u201cse espera que despu\u00e9s de las siete de la ma\u00f1ana (de este jueves) suba la intensidad de las lluvias por los efectos del fen\u00f3meno Meteorol\u00f3gico.<br \/>\n\u201cAl mismo tiempo hacer un llamado a la ciudadan\u00eda porque las lluvias van a ser de mayor intensidad, no es grave ni se trata de alarmar, pero es mejor hacerlo as\u00ed para cuidarnos todos\u201d, hab\u00eda dicho.<\/p>\n","protected":false},"excerpt":{"rendered":"<p>Por efectos del hurac\u00e1n \u201cMax\u201d, informa SPC &nbsp;Acapulco, &nbsp;Las torrenciales lluvias y r\u00e1fagas de viento ocasionados por el hurac\u00e1n \u201cMax\u201d, autoridades de Guerrero, determinaron suspender las clases en todos los&hellip; <\/p>\n","protected":false},"author":1,"featured_media":0,"comment_status":"closed","ping_status":"closed","sticky":false,"template":"","format":"standard","meta":{"fifu_image_url":"","fifu_image_alt":"","footnotes":""},"categories":[6,8],"tags":[],"class_list":["post-8043","post","type-post","status-publish","format-standard","hentry","category-educacion","category-featured"],"_links":{"self":[{"href":"https:\/\/www.interaccionnoticias.com.mx\/index.php?rest_route=\/wp\/v2\/posts\/8043","targetHints":{"allow":["GET"]}}],"collection":[{"href":"https:\/\/www.interaccionnoticias.com.mx\/index.php?rest_route=\/wp\/v2\/posts"}],"about":[{"href":"https:\/\/www.interaccionnoticias.com.mx\/index.php?rest_route=\/wp\/v2\/types\/post"}],"author":[{"embeddable":true,"href":"https:\/\/www.interaccionnoticias.com.mx\/index.php?rest_route=\/wp\/v2\/users\/1"}],"replies":[{"embeddable":true,"href":"https:\/\/www.interaccionnoticias.com.mx\/index.php?rest_route=%2Fwp%2Fv2%2Fcomments&post=8043"}],"version-history":[{"count":0,"href":"https:\/\/www.interaccionnoticias.com.mx\/index.php?rest_route=\/wp\/v2\/posts\/8043\/revisions"}],"wp:attachment":[{"href":"https:\/\/www.interaccionnoticias.com.mx\/index.php?rest_route=%2Fwp%2Fv2%2Fmedia&parent=8043"}],"wp:term":[{"taxonomy":"category","embeddable":true,"href":"https:\/\/www.interaccionnoticias.com.mx\/index.php?rest_route=%2Fwp%2Fv2%2Fcategories&post=8043"},{"taxonomy":"post_tag","embeddable":true,"href":"https:\/\/www.interaccionnoticias.com.mx\/index.php?rest_route=%2Fwp%2Fv2%2Ftags&post=8043"}],"curies":[{"name":"wp","href":"https:\/\/api.w.org\/{rel}","templated":true}]}}