{"id":8035,"date":"2017-09-14T14:46:29","date_gmt":"2017-09-14T19:46:29","guid":{"rendered":"http:\/\/www.inter-accion.com.mx\/?p=8035"},"modified":"2017-09-14T14:46:29","modified_gmt":"2017-09-14T19:46:29","slug":"avionetazo-en-la-sierra-de-chilpancingo-mueren-los-tripulantes","status":"publish","type":"post","link":"https:\/\/www.interaccionnoticias.com.mx\/?p=8035","title":{"rendered":"Avionetazo en la Sierra de Chilpancingo, mueren los tripulantes"},"content":{"rendered":"<p><strong>A\u00fan no saben cuantas son las v\u00edctimas, pero nadie sobrevivi\u00f3 al impacto<\/strong><br \/>\nEl secretario de Protecci\u00f3n Civil de Chilpancingo, Gustavo Vela Guevara confirm\u00f3 la ca\u00edda de una avioneta en las inmediaciones&nbsp; de San Vicente, comunidad ubicada en la parte serrana del municipio.<br \/>\nVela Guevara, coment\u00f3 que la noche del mi\u00e9rcoles 13 de septiembre, autoridades comunitarias de Coapango y San Vicente reportaron el siniestro.<br \/>\n\u00abLas autoridades de la localidad nos indicaron que la tarde del mi\u00e9rcoles hab\u00eda mucha niebla en la zona, que no se pod\u00eda ver ni a dos metros de distancia, fue cuando escucharon el motor de lo que parec\u00eda una avioneta y despu\u00e9s una fuerte explosi\u00f3n\u00bb, indic\u00f3 el funcionario.<br \/>\nTras el impacto, una comisi\u00f3n de habitantes de San Vicente subi\u00f3 hacia el cerro en que se escuch\u00f3 el impacto y la explosi\u00f3n, lo que encontraron fueron las piezas esparcidas de una avioneta que todav\u00eda se encobtraba en llamas.<br \/>\n\u00abHab\u00eda restos de cuerpos humanos esparcidos, no sabemos cuantos eran, pero las personad que viajaban en esa avioneta no sobrevivieron y m\u00e1s a\u00fan, quedaron despedazados\u00bb, dijo un habitante se San Vicente, que solicit\u00f3 no se manejara su nombre.<br \/>\nSe inform\u00f3 que la tarde del jueves, al punto del impacto se tradladar\u00eda personal de Protecci\u00f3n Civil de Chilpancingo, elementos de la Polic\u00eda del Estado y de la Secretar\u00eda de la Defensa Nacional (SEDENA).<br \/>\nTambi\u00e9n se espera el traslado de peritos de la Fiscal\u00eda General del Estado (FGE) y del Servicio M\u00e9dico Forense (SEMEFO) para trasladar los cad\u00e1veres hacia la morgue.<\/p>\n","protected":false},"excerpt":{"rendered":"<p>A\u00fan no saben cuantas son las v\u00edctimas, pero nadie sobrevivi\u00f3 al impacto El secretario de Protecci\u00f3n Civil de Chilpancingo, Gustavo Vela Guevara confirm\u00f3 la ca\u00edda de una avioneta en las&hellip; <\/p>\n","protected":false},"author":1,"featured_media":0,"comment_status":"closed","ping_status":"closed","sticky":false,"template":"","format":"standard","meta":{"fifu_image_url":"","fifu_image_alt":"","footnotes":""},"categories":[8,23],"tags":[],"class_list":["post-8035","post","type-post","status-publish","format-standard","hentry","category-featured","category-regionales"],"_links":{"self":[{"href":"https:\/\/www.interaccionnoticias.com.mx\/index.php?rest_route=\/wp\/v2\/posts\/8035","targetHints":{"allow":["GET"]}}],"collection":[{"href":"https:\/\/www.interaccionnoticias.com.mx\/index.php?rest_route=\/wp\/v2\/posts"}],"about":[{"href":"https:\/\/www.interaccionnoticias.com.mx\/index.php?rest_route=\/wp\/v2\/types\/post"}],"author":[{"embeddable":true,"href":"https:\/\/www.interaccionnoticias.com.mx\/index.php?rest_route=\/wp\/v2\/users\/1"}],"replies":[{"embeddable":true,"href":"https:\/\/www.interaccionnoticias.com.mx\/index.php?rest_route=%2Fwp%2Fv2%2Fcomments&post=8035"}],"version-history":[{"count":0,"href":"https:\/\/www.interaccionnoticias.com.mx\/index.php?rest_route=\/wp\/v2\/posts\/8035\/revisions"}],"wp:attachment":[{"href":"https:\/\/www.interaccionnoticias.com.mx\/index.php?rest_route=%2Fwp%2Fv2%2Fmedia&parent=8035"}],"wp:term":[{"taxonomy":"category","embeddable":true,"href":"https:\/\/www.interaccionnoticias.com.mx\/index.php?rest_route=%2Fwp%2Fv2%2Fcategories&post=8035"},{"taxonomy":"post_tag","embeddable":true,"href":"https:\/\/www.interaccionnoticias.com.mx\/index.php?rest_route=%2Fwp%2Fv2%2Ftags&post=8035"}],"curies":[{"name":"wp","href":"https:\/\/api.w.org\/{rel}","templated":true}]}}