{"id":8027,"date":"2017-09-13T23:34:47","date_gmt":"2017-09-14T04:34:47","guid":{"rendered":"http:\/\/www.inter-accion.com.mx\/?p=8027"},"modified":"2017-09-13T23:34:47","modified_gmt":"2017-09-14T04:34:47","slug":"la-diplomatica-alicia-barcena-recibe-a-traves-de-su-hijo-la-presea-sentimientos-de-la-nacion","status":"publish","type":"post","link":"https:\/\/www.interaccionnoticias.com.mx\/?p=8027","title":{"rendered":"La diplom\u00e1tica Alicia B\u00e1rcena recibe a trav\u00e9s de su hijo la presea Sentimientos de la Naci\u00f3n"},"content":{"rendered":"<p>Entre la opulencia y la indigencia, conminada a reducirse desde hace 204 a\u00f1os, fue entregada la presea Sentimientos de la Naci\u00f3n al hijo de la que este a\u00f1o fue elegida recipiendaria del galard\u00f3n. Alicia B\u00e1rcena Ibarra no acudi\u00f3 a recibir el m\u00e1ximo reconocimiento que el poder Legislativo entrega cada a\u00f1o, desde 1997.<br \/>\nAlrededor de la Catedral Asunci\u00f3n de Mar\u00eda, en pleno centro de Chilpancingo,&nbsp; decenas de vallas delimitaron el pase a los ciudadanos. Solo aquellos con invitaci\u00f3n pod\u00edan cruzar los metales blancos para conmemorar el 204 aniversario de la promulgaci\u00f3n de los Sentimientos de la Naci\u00f3n.<br \/>\nAfuera, tras las vallas, un grupo de trabajadores del Ayuntamiento capitalino protestaban bajo una llovizna exigiendo el pago del ISSSPEG que les es descontado de su salario, pero no pagado a la instituci\u00f3n desde hace a\u00f1os. Desde las calles Abasolo e Ignacio Manuel Altamirano, cerradas para facilitarles el acceso, Diputados, Senadores, Alcaldes, Magistrados, l\u00edderes eclesi\u00e1sticos y el Gobernador, arribaron&nbsp; al lugar en camionetas -algunas blindadas- que rondan el medio mill\u00f3n de pesos.<br \/>\nAdentro, la sesi\u00f3n solemne se desarrollaba mientras que afuera, con la misma llovizna, los trabajadores del Ayuntamiento esperaban una respuesta de las autoridades. Al t\u00e9rmino de la sesi\u00f3n: los saludos, las selfies, los abrazos, los piropos a los elaborados peinados, caros vestidos y trajes para la ocasi\u00f3n; del otro lado, los trabajadores se marcharon sin obtener ninguna soluci\u00f3n.<br \/>\nEn su segunda sesi\u00f3n como presidente de la Mesa Directiva, el diputado Eduardo Neil Cueva Ruiz pidi\u00f3 un minuto de silencio por las m\u00e1s de 90 personas que&nbsp; fallecieron a causa del sismo registrado en el estado de Chiapas el jueves 7 de septiembre. Pero nadie se acord\u00f3 de los m\u00e1s de 100 muertos que hace 4 a\u00f1os dejaron los ciclones Ingrid y Manuel, solo en Guerrero, ni de los 43 desaparecidos y 6 muertos de la noche tr\u00e1gica de Iguala hace 3 a\u00f1os.<br \/>\nPor el contrario, Cueva Ru\u00edz destac\u00f3 que \u201choy en Guerrero hay gobernabilidad y hay gobernanza\u201d, sin mencionar que este mismo d\u00eda se registr\u00f3 un enfrentamiento entre normalistas de Ayotzinapa y polic\u00edas estatales, luego de que los primeros robaron en la principal v\u00eda r\u00e1pida de la capital una pipa con 30 mil litros de combustible, y al menos cinco camionetas repartidoras de empresas de pan y refrescos, y los oficiales dispararon contra un cami\u00f3n en el que se transportaban los estudiantes, e impidieron a empujones, la labor de la prensa para documentar los hechos.<br \/>\nY no lleg\u00f3. La secretaria Ejecutiva de la Comisi\u00f3n Econ\u00f3mica para Am\u00e9rica Latina y el Caribe (CEPAL), Alicia B\u00e1rcena Ibarra, no lleg\u00f3 a recibir la Presea, como a\u00f1os atr\u00e1s&nbsp; tampoco lo hicieron el tenor Pl\u00e1cido Domingo, o el presidente de Bolivia, Evo Morales.<br \/>\nB\u00e1rcena fue la \u00fanica propuesta que se present\u00f3 en el&nbsp; Congreso de Guerrero, por medio del grupo ciudadano An\u00e1huac, y fue elegida por la mayor\u00eda de los diputados al considerar que su trabajo se apega a los principios emanados de los Sentimientos de la Naci\u00f3n.<br \/>\nEnvi\u00f3 a su hijo, Eduardo de la Torre B\u00e1rcena, a recibir la Presea de plata, quien en nombre de su madre pidi\u00f3 disculpas por no acudir a la sesi\u00f3n, argumentando que est\u00e1n por iniciar los trabajos de la asamblea general de la Organizaci\u00f3n de las Naciones Unidas, causa que le impidi\u00f3 viajar a Guerrero a recibir el reconocimiento.<br \/>\n\u201cEsta tierra brav\u00eda es pilar indiscutible en la construcci\u00f3n de nuestra patria com\u00fan. M\u00e9xico debe a los colores de su presente las letras de Juan Ru\u00edz de Alarc\u00f3n e Ignacio Manuel Altamirano, la sabidur\u00eda del rector Ignacio Ch\u00e1vez, el sacrificio de los Galeana y de los Bravo, la rebeld\u00eda de Lucio y de Genaro. Guerrero es crisol de las luces y sombra de nuestra historia, de naturaleza pr\u00f3diga y de desigualdades lacerantes, pero a\u00fan m\u00e1s, Guerrero es la cuna donde alumbra el M\u00e9xico independiente\u201d, dijo la galardonada mediante un video proyectado en la Sesi\u00f3n Solemne.<br \/>\nEn un discurso basado en el contexto pol\u00edtico y econ\u00f3mico global, B\u00e1rcena Ibarra se\u00f1al\u00f3 que la regi\u00f3n de Am\u00e9rica Latina y el Caribe sigue siendo la m\u00e1s desigual del mundo, con 175 millones de personas en situaci\u00f3n de pobreza, que representan casi el 30 por ciento de la poblaci\u00f3n de la regi\u00f3n, y 75 millones en la indigencia.<br \/>\n\u201cNo se pude tolerar la indigencia, la pobreza y desigualdad, no podemos aceptar que haya ni\u00f1as, ni\u00f1os, mujeres y hombres en condiciones de vulnerabilidad, y debemos luchar por alcanzar la pobreza cero,&nbsp; imaginando un mundo sin pobres y discriminados\u201d.<br \/>\nTras los discursos, cada quien se fue con su cada cual. Los de adentro, subieron a sus camionetas y carros lujosos, mientras que los de afuera regresaron a sus casas de campa\u00f1a en el plant\u00f3n que mantienen hace dos d\u00edas en el ayuntamiento de Chilpancingo.&nbsp;<\/p>\n","protected":false},"excerpt":{"rendered":"<p>Entre la opulencia y la indigencia, conminada a reducirse desde hace 204 a\u00f1os, fue entregada la presea Sentimientos de la Naci\u00f3n al hijo de la que este a\u00f1o fue elegida&hellip; <\/p>\n","protected":false},"author":1,"featured_media":0,"comment_status":"closed","ping_status":"closed","sticky":false,"template":"","format":"standard","meta":{"fifu_image_url":"","fifu_image_alt":"","footnotes":""},"categories":[2,8],"tags":[],"class_list":["post-8027","post","type-post","status-publish","format-standard","hentry","category-congreso","category-featured"],"_links":{"self":[{"href":"https:\/\/www.interaccionnoticias.com.mx\/index.php?rest_route=\/wp\/v2\/posts\/8027","targetHints":{"allow":["GET"]}}],"collection":[{"href":"https:\/\/www.interaccionnoticias.com.mx\/index.php?rest_route=\/wp\/v2\/posts"}],"about":[{"href":"https:\/\/www.interaccionnoticias.com.mx\/index.php?rest_route=\/wp\/v2\/types\/post"}],"author":[{"embeddable":true,"href":"https:\/\/www.interaccionnoticias.com.mx\/index.php?rest_route=\/wp\/v2\/users\/1"}],"replies":[{"embeddable":true,"href":"https:\/\/www.interaccionnoticias.com.mx\/index.php?rest_route=%2Fwp%2Fv2%2Fcomments&post=8027"}],"version-history":[{"count":0,"href":"https:\/\/www.interaccionnoticias.com.mx\/index.php?rest_route=\/wp\/v2\/posts\/8027\/revisions"}],"wp:attachment":[{"href":"https:\/\/www.interaccionnoticias.com.mx\/index.php?rest_route=%2Fwp%2Fv2%2Fmedia&parent=8027"}],"wp:term":[{"taxonomy":"category","embeddable":true,"href":"https:\/\/www.interaccionnoticias.com.mx\/index.php?rest_route=%2Fwp%2Fv2%2Fcategories&post=8027"},{"taxonomy":"post_tag","embeddable":true,"href":"https:\/\/www.interaccionnoticias.com.mx\/index.php?rest_route=%2Fwp%2Fv2%2Ftags&post=8027"}],"curies":[{"name":"wp","href":"https:\/\/api.w.org\/{rel}","templated":true}]}}