{"id":8024,"date":"2017-09-13T18:19:43","date_gmt":"2017-09-13T23:19:43","guid":{"rendered":"http:\/\/www.inter-accion.com.mx\/?p=8024"},"modified":"2017-09-13T18:19:43","modified_gmt":"2017-09-13T23:19:43","slug":"familiares-de-victimas-de-chilpancingo-se-solidarizan-con-integrantes-de-siempre-vivos-de-chiapa","status":"publish","type":"post","link":"https:\/\/www.interaccionnoticias.com.mx\/?p=8024","title":{"rendered":"Familiares de v\u00edctimas de Chilpancingo se solidarizan con integrantes de \u201cSiempre vivos\u201d de Chiapa"},"content":{"rendered":"<p><strong>Este mi\u00e9rcoles marcharon en la Ciudad de M\u00e9xico<\/strong><br \/>\nFamiliares de personas desaparecidas y asesinadas en Chilpancingo manifestaron su solidaridad con los representantes del colectivo \u201cSiempre vivos de Chilapa\u201d, que este mi\u00e9rcoles marcharon hacia la Secretar\u00eda de Gobernaci\u00f3n, en la Ciudad de M\u00e9xico.<br \/>\nEn conferencia de prensa, los integrantes del colectivo de Familiares y amigos de personas desaparecidas, secuestradas y v\u00edctimas de asesinato, se\u00f1alaron la importancia de la movilizaci\u00f3n que este 13 de septiembre encabez\u00f3 el profesor Jos\u00e9 D\u00edaz Navarro en la capital del pa\u00eds.<br \/>\nDijeron que es necesario que la Secretar\u00eda de Gobernaci\u00f3n (SEGOB), de la Defensa Nacional (Sedena) y la Procuradur\u00eda General de la Rep\u00fablica (PGR) redise\u00f1en la estrategia que hasta el momento han implementado en ese municipio, en donde existe una fuerte disputa entre dos grupos del crimen organizado por el control de las rutas para el trasiego de la droga.<br \/>\nEn esa lucha, manifestaron que existen cientos de v\u00edctimas inocentes, cuyas familias de manera reiterada reclaman su presentaci\u00f3n con vida, sin que hasta el momento hayan tenido una respuesta satisfactoria.<br \/>\nEl movimiento denominado \u201cLevantemos Chilapa\u201d, dijo que es un intento desesperado por atraer la atenci\u00f3n de la opini\u00f3n p\u00fablica, tanto nacional como internacional para que se haga algo diferente en la zona, aunque tambi\u00e9n contundente para conseguir la pacificaci\u00f3n de lo que hoy se considera como el \u201ccorredor de la muerte\u201d.<\/p>\n","protected":false},"excerpt":{"rendered":"<p>Este mi\u00e9rcoles marcharon en la Ciudad de M\u00e9xico Familiares de personas desaparecidas y asesinadas en Chilpancingo manifestaron su solidaridad con los representantes del colectivo \u201cSiempre vivos de Chilapa\u201d, que este&hellip; <\/p>\n","protected":false},"author":1,"featured_media":0,"comment_status":"closed","ping_status":"closed","sticky":false,"template":"","format":"standard","meta":{"fifu_image_url":"","fifu_image_alt":"","footnotes":""},"categories":[8,15],"tags":[],"class_list":["post-8024","post","type-post","status-publish","format-standard","hentry","category-featured","category-movimientos-sociales"],"_links":{"self":[{"href":"https:\/\/www.interaccionnoticias.com.mx\/index.php?rest_route=\/wp\/v2\/posts\/8024","targetHints":{"allow":["GET"]}}],"collection":[{"href":"https:\/\/www.interaccionnoticias.com.mx\/index.php?rest_route=\/wp\/v2\/posts"}],"about":[{"href":"https:\/\/www.interaccionnoticias.com.mx\/index.php?rest_route=\/wp\/v2\/types\/post"}],"author":[{"embeddable":true,"href":"https:\/\/www.interaccionnoticias.com.mx\/index.php?rest_route=\/wp\/v2\/users\/1"}],"replies":[{"embeddable":true,"href":"https:\/\/www.interaccionnoticias.com.mx\/index.php?rest_route=%2Fwp%2Fv2%2Fcomments&post=8024"}],"version-history":[{"count":0,"href":"https:\/\/www.interaccionnoticias.com.mx\/index.php?rest_route=\/wp\/v2\/posts\/8024\/revisions"}],"wp:attachment":[{"href":"https:\/\/www.interaccionnoticias.com.mx\/index.php?rest_route=%2Fwp%2Fv2%2Fmedia&parent=8024"}],"wp:term":[{"taxonomy":"category","embeddable":true,"href":"https:\/\/www.interaccionnoticias.com.mx\/index.php?rest_route=%2Fwp%2Fv2%2Fcategories&post=8024"},{"taxonomy":"post_tag","embeddable":true,"href":"https:\/\/www.interaccionnoticias.com.mx\/index.php?rest_route=%2Fwp%2Fv2%2Ftags&post=8024"}],"curies":[{"name":"wp","href":"https:\/\/api.w.org\/{rel}","templated":true}]}}