{"id":80162,"date":"2024-07-26T13:32:38","date_gmt":"2024-07-26T18:32:38","guid":{"rendered":"https:\/\/www.interaccionnoticias.com.mx\/?p=80162"},"modified":"2024-07-26T13:32:39","modified_gmt":"2024-07-26T18:32:39","slug":"ante-el-no-pago-de-prerrogativas-siete-partidos-revientan-sesion-del-iepc","status":"publish","type":"post","link":"https:\/\/www.interaccionnoticias.com.mx\/?p=80162","title":{"rendered":"Ante el no pago de prerrogativas, siete partidos \u201crevientan\u201d sesi\u00f3n del IEPC"},"content":{"rendered":"\n<p><em><strong>&#8212; Les deben junio y julio, se quejan PRI, PRD, PAN, PES, MC, Fuerza por M\u00e9xico y M\u00e9xico Avanza<br>&#8212; Suspenden la sesi\u00f3n por 24 horas, este s\u00e1bado habr\u00e1 nueva convocatoria del \u00f3rgano electoral local<\/strong><\/em><\/p>\n\n\n\n<p><strong>Rogelio Agust\u00edn<\/strong><\/p>\n\n\n\n<p>Representantes de ocho partidos pol\u00edticos \u201creventaron\u201d la sesi\u00f3n que el Instituto Electoral y de Participaci\u00f3n Ciudadana (IEPC) ten\u00eda programada para la ma\u00f1ana de este viernes, en protesta porque hasta el momento no se les han depositado las prerrogativas correspondientes a los meses de junio y julio del presente a\u00f1o.<\/p>\n\n\n\n<p>En la etapa inicial de la sesi\u00f3n que el \u00f3rgano electoral ten\u00eda programada para este viernes, el representante del PRI, Manuel Saavedra Flores solicit\u00f3 el uso de la palabra para reprochar que hasta el momento, la administraci\u00f3n en funciones no ha depositado las prerrogativas correspondientes al mes de julio, cuando la normatividad establece que eso debe ocurrir durante los primeros quince d\u00edas de cada mes.<\/p>\n\n\n\n<p>El representante del tricolor record\u00f3 que no se trata de una situaci\u00f3n aislada, pues tambi\u00e9n se adeuda lo relacionado con el mes de junio.<\/p>\n\n\n\n<p>Indic\u00f3: \u201cEn el PRI ya presentamos nuestro medio de impugnaci\u00f3n, solicitamos que se nos depositen las prerrogativas, porque no podemos cumplir la ley por partes, hasta el momento no tenemos conocimiento del porque no se paga junio, ni porque se retrasa julio\u201d.<\/p>\n\n\n\n<p>Y cerr\u00f3: \u201cComo representante de partido, no puedo acompa\u00f1ar los acuerdos que se pongan en consideraci\u00f3n durante la presente sesi\u00f3n, por eso es que me ausentar\u00e9, pues no podemos permitir que pase lo mismo que en 2023\u201d.<\/p>\n\n\n\n<p>Roc\u00edo Morales Morales, representante suplente del PAN manifest\u00f3 que dicho instituto pol\u00edtico se encontraba en la misma postura, pues el retraso en la distribuci\u00f3n de las prerrogativas genera un severo perjuicio a las actividades de los partidos.<\/p>\n\n\n\n<p>Isa\u00edas L\u00f3pez L\u00f3pez, de M\u00e9xico Avanza tambi\u00e9n anunci\u00f3 que se retiraba de la sesi\u00f3n, luego sigui\u00f3 el turno de Mariano Hanzel, quien se sum\u00f3 a lo que defini\u00f3 como una \u201cprotesta pac\u00edfica\u201d, debido de que se est\u00e1 perjudicando a los trabajadores de los partidos, de los que depende una cantidad importante de familias.<\/p>\n\n\n\n<p>Tambi\u00e9n se sum\u00f3 Salustio Garc\u00eda Dorantes del Partido Encuentro Solidario (PES), quien record\u00f3 que ese tipo de retrasos influyeron para que hoy dicho instituto pol\u00edtico est\u00e9 en v\u00edas de desaparecer.<\/p>\n\n\n\n<p>Se sumaron Fuerza por M\u00e9xico y Movimiento Ciudadano (MC), que por separado calificaron los retrasos en el pago de prerrogativas como agravios para la vida democr\u00e1tica de la entidad.<\/p>\n\n\n\n<p>Ante la ausencia de 7 de 10 partidos pol\u00edticos, el Consejo General no estuvo en condiciones de desarrollar la sesi\u00f3n de este viernes, raz\u00f3n por la que se suspendieron los trabajos programados.<\/p>\n\n\n\n<p>Se inform\u00f3 que habr\u00e1 una nueva convocatoria para este s\u00e1bado 27.<\/p>\n\n\n\n<p>La postura de los partidos, es no sesionar hasta que se cumpla con la entrega de sus prerrogativas.<\/p>\n","protected":false},"excerpt":{"rendered":"<p>&#8212; Les deben junio y julio, se quejan PRI, PRD, PAN, PES, MC, Fuerza por M\u00e9xico y M\u00e9xico Avanza&#8212; Suspenden la sesi\u00f3n por 24 horas, este s\u00e1bado habr\u00e1 nueva convocatoria&hellip; <\/p>\n","protected":false},"author":21,"featured_media":80163,"comment_status":"open","ping_status":"open","sticky":false,"template":"","format":"standard","meta":{"fifu_image_url":"","fifu_image_alt":"","footnotes":""},"categories":[17],"tags":[],"class_list":["post-80162","post","type-post","status-publish","format-standard","has-post-thumbnail","hentry","category-organos-electorales"],"_links":{"self":[{"href":"https:\/\/www.interaccionnoticias.com.mx\/index.php?rest_route=\/wp\/v2\/posts\/80162","targetHints":{"allow":["GET"]}}],"collection":[{"href":"https:\/\/www.interaccionnoticias.com.mx\/index.php?rest_route=\/wp\/v2\/posts"}],"about":[{"href":"https:\/\/www.interaccionnoticias.com.mx\/index.php?rest_route=\/wp\/v2\/types\/post"}],"author":[{"embeddable":true,"href":"https:\/\/www.interaccionnoticias.com.mx\/index.php?rest_route=\/wp\/v2\/users\/21"}],"replies":[{"embeddable":true,"href":"https:\/\/www.interaccionnoticias.com.mx\/index.php?rest_route=%2Fwp%2Fv2%2Fcomments&post=80162"}],"version-history":[{"count":1,"href":"https:\/\/www.interaccionnoticias.com.mx\/index.php?rest_route=\/wp\/v2\/posts\/80162\/revisions"}],"predecessor-version":[{"id":80164,"href":"https:\/\/www.interaccionnoticias.com.mx\/index.php?rest_route=\/wp\/v2\/posts\/80162\/revisions\/80164"}],"wp:featuredmedia":[{"embeddable":true,"href":"https:\/\/www.interaccionnoticias.com.mx\/index.php?rest_route=\/wp\/v2\/media\/80163"}],"wp:attachment":[{"href":"https:\/\/www.interaccionnoticias.com.mx\/index.php?rest_route=%2Fwp%2Fv2%2Fmedia&parent=80162"}],"wp:term":[{"taxonomy":"category","embeddable":true,"href":"https:\/\/www.interaccionnoticias.com.mx\/index.php?rest_route=%2Fwp%2Fv2%2Fcategories&post=80162"},{"taxonomy":"post_tag","embeddable":true,"href":"https:\/\/www.interaccionnoticias.com.mx\/index.php?rest_route=%2Fwp%2Fv2%2Ftags&post=80162"}],"curies":[{"name":"wp","href":"https:\/\/api.w.org\/{rel}","templated":true}]}}