{"id":80133,"date":"2024-07-25T21:33:25","date_gmt":"2024-07-26T02:33:25","guid":{"rendered":"https:\/\/www.interaccionnoticias.com.mx\/?p=80133"},"modified":"2024-07-25T21:33:27","modified_gmt":"2024-07-26T02:33:27","slug":"alcaldesa-electa-de-juchitan-denuncia-amenazas-de-muerte","status":"publish","type":"post","link":"https:\/\/www.interaccionnoticias.com.mx\/?p=80133","title":{"rendered":"Alcaldesa electa de Juchit\u00e1n denuncia amenazas de muerte"},"content":{"rendered":"\n<p><strong><em>&#8212; La panista Analenis Res\u00e9ndiz Javier reporta que por diversas v\u00edas, desconocidos le han advertido que puede pasarle \u201clo mismo\u201d que al alcalde electo de Copala, Salvador Villalba Flores, asesinado en junio pasado<\/em><\/strong><\/p>\n\n\n\n<p><strong>Rosario Garc\u00eda Orozco<\/strong><\/p>\n\n\n\n<p>La alcaldesa electa de Juchit\u00e1n, Analenis Res\u00e9ndiz Javier denunci\u00f3 que ha recibido amenazas de muerte por diferentes v\u00edas, ya que personas desconocidas le han dicho que le puede pasar lo mismo que al presidente electo de Copala, Salvador Villalba Flores, asesinado el pasado 17 de junio.<\/p>\n\n\n\n<p>En Chilpancingo, la ex diputada local panista coment\u00f3 que desde la campa\u00f1a de proselitismo cuenta con medidas cautelares, lo que implica un resguardo con elementos de la Guardia Nacional (GN).<\/p>\n\n\n\n<p>La medida se adopt\u00f3 a partir de que en plena contienda recibi\u00f3 amenazas de muerte, las que adjudic\u00f3 a sus oponentes, ya que la elecci\u00f3n fue muy cerrada.<\/p>\n\n\n\n<p>Record\u00f3 que inicialmente gan\u00f3 la elecci\u00f3n con solo tres votos de ventaja, pero tras un recuento la diferencia se amplio a 9, lo que afianz\u00f3 su triunfo.<\/p>\n\n\n\n<p>Este lunes, con el respaldo de su dirigente estatal, Eloy Salmer\u00f3n D\u00edaz, Res\u00e9ndiz Javier anticip\u00f3 que presentar\u00e1 una denuncia ante Fiscal\u00eda General del Estado (FGE), por los mensajes amenazantes que ha recibido, algunos a trav\u00e9s de \u00abemisarios\u00bb y otros m\u00e1s por medio de redes sociales.<\/p>\n\n\n\n<p>\u00abMe han mandado a decir que me puede pasar lo mismo que le ocurri\u00f3 el alcalde electo de Copala, Salvador Villalva Flores\u201d, dijo en alusi\u00f3n al asesinato que se cometi\u00f3 la madrugada del 17 de junio, cuando el capit\u00e1n retirado de la Marina Armada regresaba de una reuni\u00f3n en la Ciudad de M\u00e9xico, a bordo de un autob\u00fas y sin escoltas.<\/p>\n\n\n\n<p>De hecho, la diputada local con licencia manifest\u00f3, que buscar\u00e1 un acercamiento con la gobernadora Salgado Pineda, paracomentarle la situaci\u00f3n y solicutarle el apoyo correspondiente.<\/p>\n\n\n\n<p>Dijo qye tiene muy buena comunicaci\u00f3n comunicaci\u00f3n, por lo que no dud\u00f3 en que se le otorgar\u00e1 el respaldo que necesita.<\/p>\n\n\n\n<p>Analenis Res\u00e9ndis Javier ser\u00e1 la primer mujer que ocupa la presidencia municipal de Juchit\u00e1n, municipio que se fund\u00f3 hace apenas 18 a\u00f1os y que ha sido gobernado solamente por varones.<\/p>\n","protected":false},"excerpt":{"rendered":"<p>&#8212; La panista Analenis Res\u00e9ndiz Javier reporta que por diversas v\u00edas, desconocidos le han advertido que puede pasarle \u201clo mismo\u201d que al alcalde electo de Copala, Salvador Villalba Flores, asesinado&hellip; <\/p>\n","protected":false},"author":14,"featured_media":80134,"comment_status":"open","ping_status":"open","sticky":false,"template":"","format":"standard","meta":{"fifu_image_url":"","fifu_image_alt":"","footnotes":""},"categories":[21],"tags":[],"class_list":["post-80133","post","type-post","status-publish","format-standard","has-post-thumbnail","hentry","category-politica"],"_links":{"self":[{"href":"https:\/\/www.interaccionnoticias.com.mx\/index.php?rest_route=\/wp\/v2\/posts\/80133","targetHints":{"allow":["GET"]}}],"collection":[{"href":"https:\/\/www.interaccionnoticias.com.mx\/index.php?rest_route=\/wp\/v2\/posts"}],"about":[{"href":"https:\/\/www.interaccionnoticias.com.mx\/index.php?rest_route=\/wp\/v2\/types\/post"}],"author":[{"embeddable":true,"href":"https:\/\/www.interaccionnoticias.com.mx\/index.php?rest_route=\/wp\/v2\/users\/14"}],"replies":[{"embeddable":true,"href":"https:\/\/www.interaccionnoticias.com.mx\/index.php?rest_route=%2Fwp%2Fv2%2Fcomments&post=80133"}],"version-history":[{"count":1,"href":"https:\/\/www.interaccionnoticias.com.mx\/index.php?rest_route=\/wp\/v2\/posts\/80133\/revisions"}],"predecessor-version":[{"id":80135,"href":"https:\/\/www.interaccionnoticias.com.mx\/index.php?rest_route=\/wp\/v2\/posts\/80133\/revisions\/80135"}],"wp:featuredmedia":[{"embeddable":true,"href":"https:\/\/www.interaccionnoticias.com.mx\/index.php?rest_route=\/wp\/v2\/media\/80134"}],"wp:attachment":[{"href":"https:\/\/www.interaccionnoticias.com.mx\/index.php?rest_route=%2Fwp%2Fv2%2Fmedia&parent=80133"}],"wp:term":[{"taxonomy":"category","embeddable":true,"href":"https:\/\/www.interaccionnoticias.com.mx\/index.php?rest_route=%2Fwp%2Fv2%2Fcategories&post=80133"},{"taxonomy":"post_tag","embeddable":true,"href":"https:\/\/www.interaccionnoticias.com.mx\/index.php?rest_route=%2Fwp%2Fv2%2Ftags&post=80133"}],"curies":[{"name":"wp","href":"https:\/\/api.w.org\/{rel}","templated":true}]}}