{"id":80129,"date":"2024-07-25T18:11:12","date_gmt":"2024-07-25T23:11:12","guid":{"rendered":"https:\/\/www.interaccionnoticias.com.mx\/?p=80129"},"modified":"2024-07-25T18:11:14","modified_gmt":"2024-07-25T23:11:14","slug":"derrumbes-carreteros-incomunican-a-la-montana-con-la-costa-chica","status":"publish","type":"post","link":"https:\/\/www.interaccionnoticias.com.mx\/?p=80129","title":{"rendered":"Derrumbes carreteros incomunican a la Monta\u00f1a con la Costa Chica"},"content":{"rendered":"\n<p><strong><em>&#8212; Usuarios de esa vialidad piden la intervenci\u00f3n de Cicaeg para reestablecer la circulaci\u00f3n<\/em><\/strong><\/p>\n\n\n\n<p><strong>Rosario Garc\u00eda Orozco<\/strong><\/p>\n\n\n\n<p>Las lluvias registradas durante las \u00faltimas horas provocaron un derrumbe sobre la carretera Tlapa-Marquelia, a la altura de Tototepec, perteneciente el municipio de Tlapa, por lo que est\u00e1 incomunicada la Monta\u00f1a con la Costa Chica.<\/p>\n\n\n\n<p>El cierre de esa vialidad fue reportado por automovilistas que circulan por la zona y que piden la intervenci\u00f3n de la Comisi\u00f3n de Infraestructura Carretera y Aroportuaria (CICAEG), para poder liberar esa carretera y se restablezca la circulaci\u00f3n.<\/p>\n\n\n\n<p>El derrumbe se registra sobre la carretera Tlapa-Marquelia, a la altura de Tototepec, localidad que pertenece a Tlapa de Comonfort, en la regi\u00f3n de La Monta\u00f1a de Guerrero.<\/p>\n\n\n\n<p>Desde la ma\u00f1ana de este jueves, los habitantes de la zona y usuarios de esa vialidad empezaron a realizar los reportes v\u00eda redes sociales, y pidieron a las autoridades locales de ambos municipios y al gobierno del estado el apoyo con maquinaria especializada para que se retiren las rocas que obstruyen la carretera.<\/p>\n\n\n\n<p>En tanto, entre pobladores y automovilistas, abrieron una peque\u00f1a brecha para poder circular, aunque muy despacio por ese tramo carretero, y de manera intermitente empez\u00f3 a fluir la circulaci\u00f3n, pero s\u00f3lo para veh\u00edculos compactos.<\/p>\n\n\n\n<p>Recientemente, la Secretar\u00eda de Gesti\u00f3n Integral y Protecci\u00f3n Civil inform\u00f3 que las recientes lluvias en la regi\u00f3n de La Monta\u00f1a, calificadas como intensas, provocaron derrumbes tambi\u00e9n en las carreteras Tlapa-Chilapa y Tlapa-Puebla.<\/p>\n\n\n\n<div class=\"wp-block-jetpack-slideshow aligncenter\" data-effect=\"slide\"><div class=\"wp-block-jetpack-slideshow_container swiper-container\"><ul class=\"wp-block-jetpack-slideshow_swiper-wrapper swiper-wrapper\"><li class=\"wp-block-jetpack-slideshow_slide swiper-slide\"><figure><img decoding=\"async\" src=\"data:image\/gif;base64,R0lGODlhAQABAIAAAAAAAP\/\/\/ywAAAAAAQABAAACAUwAOw==\" fifu-lazy=\"1\" fifu-data-sizes=\"auto\" fifu-data-srcset=\"https:\/\/i1.wp.com\/www.interaccionnoticias.com.mx\/wp-content\/uploads\/2024\/07\/240725-Derrumbes-carreteros-1024x683.jpg?ssl=1&w=75&resize=75&ssl=1 75w, https:\/\/i1.wp.com\/www.interaccionnoticias.com.mx\/wp-content\/uploads\/2024\/07\/240725-Derrumbes-carreteros-1024x683.jpg?ssl=1&w=100&resize=100&ssl=1 100w, https:\/\/i1.wp.com\/www.interaccionnoticias.com.mx\/wp-content\/uploads\/2024\/07\/240725-Derrumbes-carreteros-1024x683.jpg?ssl=1&w=150&resize=150&ssl=1 150w, https:\/\/i1.wp.com\/www.interaccionnoticias.com.mx\/wp-content\/uploads\/2024\/07\/240725-Derrumbes-carreteros-1024x683.jpg?ssl=1&w=240&resize=240&ssl=1 240w, https:\/\/i1.wp.com\/www.interaccionnoticias.com.mx\/wp-content\/uploads\/2024\/07\/240725-Derrumbes-carreteros-1024x683.jpg?ssl=1&w=320&resize=320&ssl=1 320w, https:\/\/i1.wp.com\/www.interaccionnoticias.com.mx\/wp-content\/uploads\/2024\/07\/240725-Derrumbes-carreteros-1024x683.jpg?ssl=1&w=500&resize=500&ssl=1 500w, https:\/\/i1.wp.com\/www.interaccionnoticias.com.mx\/wp-content\/uploads\/2024\/07\/240725-Derrumbes-carreteros-1024x683.jpg?ssl=1&w=640&resize=640&ssl=1 640w, https:\/\/i1.wp.com\/www.interaccionnoticias.com.mx\/wp-content\/uploads\/2024\/07\/240725-Derrumbes-carreteros-1024x683.jpg?ssl=1&w=800&resize=800&ssl=1 800w, https:\/\/i1.wp.com\/www.interaccionnoticias.com.mx\/wp-content\/uploads\/2024\/07\/240725-Derrumbes-carreteros-1024x683.jpg?ssl=1&w=1024&resize=1024&ssl=1 1024w, https:\/\/i1.wp.com\/www.interaccionnoticias.com.mx\/wp-content\/uploads\/2024\/07\/240725-Derrumbes-carreteros-1024x683.jpg?ssl=1&w=1280&resize=1280&ssl=1 1280w, https:\/\/i1.wp.com\/www.interaccionnoticias.com.mx\/wp-content\/uploads\/2024\/07\/240725-Derrumbes-carreteros-1024x683.jpg?ssl=1&w=1600&resize=1600&ssl=1 1600w\" alt=\"\" class=\"wp-block-jetpack-slideshow_image wp-image-80131\" data-id=\"80131\" fifu-data-src=\"https:\/\/i1.wp.com\/www.interaccionnoticias.com.mx\/wp-content\/uploads\/2024\/07\/240725-Derrumbes-carreteros-1024x683.jpg?ssl=1\"\/><\/figure><\/li><li class=\"wp-block-jetpack-slideshow_slide swiper-slide\"><figure><img decoding=\"async\" src=\"data:image\/gif;base64,R0lGODlhAQABAIAAAAAAAP\/\/\/ywAAAAAAQABAAACAUwAOw==\" fifu-lazy=\"1\" fifu-data-sizes=\"auto\" fifu-data-srcset=\"https:\/\/i3.wp.com\/www.interaccionnoticias.com.mx\/wp-content\/uploads\/2024\/07\/240725-Derrumbes-carreteros-1-1024x683.jpg?ssl=1&w=75&resize=75&ssl=1 75w, https:\/\/i3.wp.com\/www.interaccionnoticias.com.mx\/wp-content\/uploads\/2024\/07\/240725-Derrumbes-carreteros-1-1024x683.jpg?ssl=1&w=100&resize=100&ssl=1 100w, https:\/\/i3.wp.com\/www.interaccionnoticias.com.mx\/wp-content\/uploads\/2024\/07\/240725-Derrumbes-carreteros-1-1024x683.jpg?ssl=1&w=150&resize=150&ssl=1 150w, https:\/\/i3.wp.com\/www.interaccionnoticias.com.mx\/wp-content\/uploads\/2024\/07\/240725-Derrumbes-carreteros-1-1024x683.jpg?ssl=1&w=240&resize=240&ssl=1 240w, https:\/\/i3.wp.com\/www.interaccionnoticias.com.mx\/wp-content\/uploads\/2024\/07\/240725-Derrumbes-carreteros-1-1024x683.jpg?ssl=1&w=320&resize=320&ssl=1 320w, https:\/\/i3.wp.com\/www.interaccionnoticias.com.mx\/wp-content\/uploads\/2024\/07\/240725-Derrumbes-carreteros-1-1024x683.jpg?ssl=1&w=500&resize=500&ssl=1 500w, https:\/\/i3.wp.com\/www.interaccionnoticias.com.mx\/wp-content\/uploads\/2024\/07\/240725-Derrumbes-carreteros-1-1024x683.jpg?ssl=1&w=640&resize=640&ssl=1 640w, https:\/\/i3.wp.com\/www.interaccionnoticias.com.mx\/wp-content\/uploads\/2024\/07\/240725-Derrumbes-carreteros-1-1024x683.jpg?ssl=1&w=800&resize=800&ssl=1 800w, https:\/\/i3.wp.com\/www.interaccionnoticias.com.mx\/wp-content\/uploads\/2024\/07\/240725-Derrumbes-carreteros-1-1024x683.jpg?ssl=1&w=1024&resize=1024&ssl=1 1024w, https:\/\/i3.wp.com\/www.interaccionnoticias.com.mx\/wp-content\/uploads\/2024\/07\/240725-Derrumbes-carreteros-1-1024x683.jpg?ssl=1&w=1280&resize=1280&ssl=1 1280w, https:\/\/i3.wp.com\/www.interaccionnoticias.com.mx\/wp-content\/uploads\/2024\/07\/240725-Derrumbes-carreteros-1-1024x683.jpg?ssl=1&w=1600&resize=1600&ssl=1 1600w\" alt=\"\" class=\"wp-block-jetpack-slideshow_image wp-image-80130\" data-id=\"80130\" fifu-data-src=\"https:\/\/i3.wp.com\/www.interaccionnoticias.com.mx\/wp-content\/uploads\/2024\/07\/240725-Derrumbes-carreteros-1-1024x683.jpg?ssl=1\"\/><\/figure><\/li><\/ul><a class=\"wp-block-jetpack-slideshow_button-prev swiper-button-prev swiper-button-white\" role=\"button\"><\/a><a class=\"wp-block-jetpack-slideshow_button-next swiper-button-next swiper-button-white\" role=\"button\"><\/a><a aria-label=\"Pause Slideshow\" class=\"wp-block-jetpack-slideshow_button-pause\" role=\"button\"><\/a><div class=\"wp-block-jetpack-slideshow_pagination swiper-pagination swiper-pagination-white\"><\/div><\/div><\/div>\n","protected":false},"excerpt":{"rendered":"<p>&#8212; Usuarios de esa vialidad piden la intervenci\u00f3n de Cicaeg para reestablecer la circulaci\u00f3n Rosario Garc\u00eda Orozco Las lluvias registradas durante las \u00faltimas horas provocaron un derrumbe sobre la carretera&hellip; <\/p>\n","protected":false},"author":14,"featured_media":80130,"comment_status":"open","ping_status":"open","sticky":false,"template":"","format":"standard","meta":{"fifu_image_url":"","fifu_image_alt":"","footnotes":""},"categories":[23],"tags":[],"class_list":["post-80129","post","type-post","status-publish","format-standard","has-post-thumbnail","hentry","category-regionales"],"_links":{"self":[{"href":"https:\/\/www.interaccionnoticias.com.mx\/index.php?rest_route=\/wp\/v2\/posts\/80129","targetHints":{"allow":["GET"]}}],"collection":[{"href":"https:\/\/www.interaccionnoticias.com.mx\/index.php?rest_route=\/wp\/v2\/posts"}],"about":[{"href":"https:\/\/www.interaccionnoticias.com.mx\/index.php?rest_route=\/wp\/v2\/types\/post"}],"author":[{"embeddable":true,"href":"https:\/\/www.interaccionnoticias.com.mx\/index.php?rest_route=\/wp\/v2\/users\/14"}],"replies":[{"embeddable":true,"href":"https:\/\/www.interaccionnoticias.com.mx\/index.php?rest_route=%2Fwp%2Fv2%2Fcomments&post=80129"}],"version-history":[{"count":1,"href":"https:\/\/www.interaccionnoticias.com.mx\/index.php?rest_route=\/wp\/v2\/posts\/80129\/revisions"}],"predecessor-version":[{"id":80132,"href":"https:\/\/www.interaccionnoticias.com.mx\/index.php?rest_route=\/wp\/v2\/posts\/80129\/revisions\/80132"}],"wp:featuredmedia":[{"embeddable":true,"href":"https:\/\/www.interaccionnoticias.com.mx\/index.php?rest_route=\/wp\/v2\/media\/80130"}],"wp:attachment":[{"href":"https:\/\/www.interaccionnoticias.com.mx\/index.php?rest_route=%2Fwp%2Fv2%2Fmedia&parent=80129"}],"wp:term":[{"taxonomy":"category","embeddable":true,"href":"https:\/\/www.interaccionnoticias.com.mx\/index.php?rest_route=%2Fwp%2Fv2%2Fcategories&post=80129"},{"taxonomy":"post_tag","embeddable":true,"href":"https:\/\/www.interaccionnoticias.com.mx\/index.php?rest_route=%2Fwp%2Fv2%2Ftags&post=80129"}],"curies":[{"name":"wp","href":"https:\/\/api.w.org\/{rel}","templated":true}]}}