{"id":80126,"date":"2024-07-25T16:58:32","date_gmt":"2024-07-25T21:58:32","guid":{"rendered":"https:\/\/www.interaccionnoticias.com.mx\/?p=80126"},"modified":"2024-07-25T16:58:35","modified_gmt":"2024-07-25T21:58:35","slug":"el-consejo-consultivo-ciudadano-de-restauracion-y-proteccion-de-los-ecosistemas-ha-detectado-resistencia-de-pobladores-para-reforestar","status":"publish","type":"post","link":"https:\/\/www.interaccionnoticias.com.mx\/?p=80126","title":{"rendered":"El Consejo Consultivo Ciudadano de Restauraci\u00f3n y Protecci\u00f3n de los Ecosistemas ha detectado resistencia de pobladores para reforestar"},"content":{"rendered":"\n<p><strong><em>&#8212; En junio y julio han plantado 12 mil \u00e1rboles. Algunos pobladores confunden la iniciativa ciudadana con el programa Sembrando Vida y piensan que se les dar\u00e1 dinero<\/em><\/strong><\/p>\n\n\n\n<p><strong>Yasm\u00edn Garc\u00eda<\/strong><\/p>\n\n\n\n<p>El Consejo Consultivo Ciudadano de Restauraci\u00f3n y Protecci\u00f3n de los Ecosistemas de Guerrero ha encontrado resistencia de pobladores que se oponen a la reforestaci\u00f3n y otros que exigen dinero porque piensan que es un programa social como Sembrando Vida.<\/p>\n\n\n\n<p>El Consejo Ciudadano ha reforestado en el fraccionamiento Jardines de Zinnia, en las comunidades de Palo Blanco, Huacalapa, y Xocomulco, en donde han plantado 12 mil \u00e1rboles.<\/p>\n\n\n\n<p>En reuni\u00f3n de evaluaci\u00f3n el Consejo Consultivo inform\u00f3 de las actividades que ha realizado en el mes de junio y julio.<\/p>\n\n\n\n<p>Una de las ciudadanas inform\u00f3 que se han encontrado con la resistencia y desconfianza de algunos pobladores que en un primer momento no permiten reforestar porque tienen la desconfianza de que despu\u00e9s intenten adue\u00f1arse o invadir el \u00e1rea reforestada.<\/p>\n\n\n\n<p>\u00abTienen desconfianza de que piensan que se le va quitar esa \u00e1rea pero no es as\u00ed, se les explica\u00bb, dijo una integrante del Consejo.<\/p>\n\n\n\n<p>La comunidad de Apango estaba contemplada en la reforestaci\u00f3n del 21 de julio pero los pobladores de \u00faltimo momento no aceptaron ya que pensaron que se les pagar\u00eda por sembrar \u00e1rboles como en el programa social del gobierno federal Sembrando Vida, esos \u00e1rboles fueron plantados en la comunidad de Xocomulco.<\/p>\n\n\n\n<p>Tampoco han podido reforestar en la comunidad de Acahuziotla, en dos ocasiones han sido rechazados.<\/p>\n\n\n\n<p>\u00abNos dicen que no que porque tienen un problema con la autoridad municipal\u00bb, expres\u00f3 otra ciudadana.<\/p>\n\n\n\n<p>La iniciativa de reforestar nace porque en la \u00e9poca de estiaje miles de hect\u00e1reas fueron consumidas por los incendios forestales en Guerrero y espec\u00edficamente en la capital en donde hubo suspensi\u00f3n de clases por la densa capa de humo que ocasionaron los incendios.<\/p>\n\n\n\n<p>Las pr\u00f3ximas resforestaciones ser\u00e1n en el Ejido de la Ci\u00e9nega, Llanos de Tepoxtepec, Mazatl\u00e1n y Omiltemi.<\/p>\n\n\n\n<p>El Consejo invito a la poblaci\u00f3n en general a participar en las reforestaciones y hacer conciencia del cuidado del medio ambiente.<\/p>\n","protected":false},"excerpt":{"rendered":"<p>&#8212; En junio y julio han plantado 12 mil \u00e1rboles. Algunos pobladores confunden la iniciativa ciudadana con el programa Sembrando Vida y piensan que se les dar\u00e1 dinero Yasm\u00edn Garc\u00eda&hellip; <\/p>\n","protected":false},"author":32,"featured_media":80127,"comment_status":"open","ping_status":"open","sticky":false,"template":"","format":"standard","meta":{"fifu_image_url":"","fifu_image_alt":"","footnotes":""},"categories":[11],"tags":[],"class_list":["post-80126","post","type-post","status-publish","format-standard","has-post-thumbnail","hentry","category-guerrero"],"_links":{"self":[{"href":"https:\/\/www.interaccionnoticias.com.mx\/index.php?rest_route=\/wp\/v2\/posts\/80126","targetHints":{"allow":["GET"]}}],"collection":[{"href":"https:\/\/www.interaccionnoticias.com.mx\/index.php?rest_route=\/wp\/v2\/posts"}],"about":[{"href":"https:\/\/www.interaccionnoticias.com.mx\/index.php?rest_route=\/wp\/v2\/types\/post"}],"author":[{"embeddable":true,"href":"https:\/\/www.interaccionnoticias.com.mx\/index.php?rest_route=\/wp\/v2\/users\/32"}],"replies":[{"embeddable":true,"href":"https:\/\/www.interaccionnoticias.com.mx\/index.php?rest_route=%2Fwp%2Fv2%2Fcomments&post=80126"}],"version-history":[{"count":1,"href":"https:\/\/www.interaccionnoticias.com.mx\/index.php?rest_route=\/wp\/v2\/posts\/80126\/revisions"}],"predecessor-version":[{"id":80128,"href":"https:\/\/www.interaccionnoticias.com.mx\/index.php?rest_route=\/wp\/v2\/posts\/80126\/revisions\/80128"}],"wp:featuredmedia":[{"embeddable":true,"href":"https:\/\/www.interaccionnoticias.com.mx\/index.php?rest_route=\/wp\/v2\/media\/80127"}],"wp:attachment":[{"href":"https:\/\/www.interaccionnoticias.com.mx\/index.php?rest_route=%2Fwp%2Fv2%2Fmedia&parent=80126"}],"wp:term":[{"taxonomy":"category","embeddable":true,"href":"https:\/\/www.interaccionnoticias.com.mx\/index.php?rest_route=%2Fwp%2Fv2%2Fcategories&post=80126"},{"taxonomy":"post_tag","embeddable":true,"href":"https:\/\/www.interaccionnoticias.com.mx\/index.php?rest_route=%2Fwp%2Fv2%2Ftags&post=80126"}],"curies":[{"name":"wp","href":"https:\/\/api.w.org\/{rel}","templated":true}]}}