{"id":80044,"date":"2024-07-23T21:00:23","date_gmt":"2024-07-24T02:00:23","guid":{"rendered":"https:\/\/www.interaccionnoticias.com.mx\/?p=80044"},"modified":"2024-07-23T21:00:25","modified_gmt":"2024-07-24T02:00:25","slug":"sector-salud-insiste-no-hay-alerta-por-covid-19-en-guerrero","status":"publish","type":"post","link":"https:\/\/www.interaccionnoticias.com.mx\/?p=80044","title":{"rendered":"Sector Salud insiste: No hay alerta por COVID-19 en Guerrero"},"content":{"rendered":"\n<p><strong><em>&#8212; Oficialmente solo hay dos hospitalizaciones por dicha enfermedad<br>&#8212; Los \u00fanicos casos se registraron en Chilpancingo<\/em><\/strong><\/p>\n\n\n\n<p><strong>Jes\u00fas Dorantes<\/strong><\/p>\n\n\n\n<p><strong>Chilpancingo, Gro.- <\/strong>La Secretar\u00eda de Salud Guerrero (SSG) reiter\u00f3 que no existe una situaci\u00f3n de alerta por casos del virus SARS-CoV-2 en la entidad, luego de que se registrara un repunte a nivel nacional de dicha enfermedad, que en 2020 provoc\u00f3 una pandemia que dur\u00f3 dos a\u00f1os a nivel internacional.<\/p>\n\n\n\n<p>En su p\u00e1gina oficial, la SSG se\u00f1al\u00f3 que solamente hay dos personas hospitalizadas por Covid-19 en la entidad, mismos que se encuentran ubicados en el Hospital General Raymundo Abarca Alarc\u00f3n de Chilpancingo, cifra que no representa un aumento alarmante en Guerrero.<\/p>\n\n\n\n<p>El director de Epidemiolog\u00eda y Medicina Preventiva de la SSG, Rufino Silva Dom\u00ednguez, se\u00f1ala que con las nuevas cepas de Coronavirus KP.2, KP.3 y JN.1 a existido un ligero incremento de contagios a nivel nacional, pero aclara que \u201cno es para alarmarse, si no para ver el problema objetivamente\u201d.<\/p>\n\n\n\n<p>Reiter\u00f3 que se descarta que se viva una situaci\u00f3n similar a la pandemia que se gener\u00f3 en el a\u00f1o 2020, pues en el mes de junio del presente a\u00f1o se registraron 19 casos positivos y en la primer quincena de julio 36, lo que representa un incremento ligero.<\/p>\n\n\n\n<p>Indic\u00f3 que es Chilpancingo el \u00fanico municipio que registra casos de Covid-19.<\/p>\n","protected":false},"excerpt":{"rendered":"<p>&#8212; Oficialmente solo hay dos hospitalizaciones por dicha enfermedad&#8212; Los \u00fanicos casos se registraron en Chilpancingo Jes\u00fas Dorantes Chilpancingo, Gro.- La Secretar\u00eda de Salud Guerrero (SSG) reiter\u00f3 que no existe&hellip; <\/p>\n","protected":false},"author":8,"featured_media":80045,"comment_status":"open","ping_status":"open","sticky":false,"template":"","format":"standard","meta":{"fifu_image_url":"","fifu_image_alt":"","footnotes":""},"categories":[3],"tags":[],"class_list":["post-80044","post","type-post","status-publish","format-standard","has-post-thumbnail","hentry","category-covid-19"],"_links":{"self":[{"href":"https:\/\/www.interaccionnoticias.com.mx\/index.php?rest_route=\/wp\/v2\/posts\/80044","targetHints":{"allow":["GET"]}}],"collection":[{"href":"https:\/\/www.interaccionnoticias.com.mx\/index.php?rest_route=\/wp\/v2\/posts"}],"about":[{"href":"https:\/\/www.interaccionnoticias.com.mx\/index.php?rest_route=\/wp\/v2\/types\/post"}],"author":[{"embeddable":true,"href":"https:\/\/www.interaccionnoticias.com.mx\/index.php?rest_route=\/wp\/v2\/users\/8"}],"replies":[{"embeddable":true,"href":"https:\/\/www.interaccionnoticias.com.mx\/index.php?rest_route=%2Fwp%2Fv2%2Fcomments&post=80044"}],"version-history":[{"count":1,"href":"https:\/\/www.interaccionnoticias.com.mx\/index.php?rest_route=\/wp\/v2\/posts\/80044\/revisions"}],"predecessor-version":[{"id":80046,"href":"https:\/\/www.interaccionnoticias.com.mx\/index.php?rest_route=\/wp\/v2\/posts\/80044\/revisions\/80046"}],"wp:featuredmedia":[{"embeddable":true,"href":"https:\/\/www.interaccionnoticias.com.mx\/index.php?rest_route=\/wp\/v2\/media\/80045"}],"wp:attachment":[{"href":"https:\/\/www.interaccionnoticias.com.mx\/index.php?rest_route=%2Fwp%2Fv2%2Fmedia&parent=80044"}],"wp:term":[{"taxonomy":"category","embeddable":true,"href":"https:\/\/www.interaccionnoticias.com.mx\/index.php?rest_route=%2Fwp%2Fv2%2Fcategories&post=80044"},{"taxonomy":"post_tag","embeddable":true,"href":"https:\/\/www.interaccionnoticias.com.mx\/index.php?rest_route=%2Fwp%2Fv2%2Ftags&post=80044"}],"curies":[{"name":"wp","href":"https:\/\/api.w.org\/{rel}","templated":true}]}}