{"id":7998,"date":"2017-09-13T16:55:56","date_gmt":"2017-09-13T21:55:56","guid":{"rendered":"http:\/\/www.inter-accion.com.mx\/?p=7998"},"modified":"2017-09-13T16:55:56","modified_gmt":"2017-09-13T21:55:56","slug":"liberan-a-secuestrado-en-acapulco","status":"publish","type":"post","link":"https:\/\/www.interaccionnoticias.com.mx\/?p=7998","title":{"rendered":"LIBERAN A SECUESTRADO EN ACAPULCO"},"content":{"rendered":"<p><strong>Acapulco, Gro.-<\/strong> Efectivos de la Polic\u00eda Federal de la Divisi\u00f3n de Investigaci\u00f3n, desplegaron un operativo y liberaron a una persona que estaba privada de su libertad por la cual se exig\u00eda una cantidad de dinero en Acapulco.<br \/>\nFue a trav\u00e9s de trabajos de gabinete y campo que los Polic\u00edas Federales ubicaron una casa de seguridad, donde presuntamente se encontraba la v\u00edctima que hab\u00eda sido secuestrada.<br \/>\nAs\u00ed, los elementos de la Divisi\u00f3n de Investigaci\u00f3n de la PF, implementaron un operativo de b\u00fasqueda y rescataron en el domicilio a la persona plagiada, en la colonia Juan R Escudero en la zona conurbada de Acapulco, que se encontraba vigilada por una menor de edad quien presuntamente es una de las responsables del secuestro.<br \/>\nAsimismo, se asegur\u00f3 una camioneta que presentaba reporte de robo y en la que se presume fue privada de su libertad la v\u00edctima.<br \/>\nPersonal de la Divisi\u00f3n de Investigaci\u00f3n present\u00f3 ante las autoridades correspondientes a la menor de edad presuntamente relacionada y dio atenci\u00f3n a la v\u00edctima.<\/p>\n","protected":false},"excerpt":{"rendered":"<p>Acapulco, Gro.- Efectivos de la Polic\u00eda Federal de la Divisi\u00f3n de Investigaci\u00f3n, desplegaron un operativo y liberaron a una persona que estaba privada de su libertad por la cual se&hellip; <\/p>\n","protected":false},"author":1,"featured_media":0,"comment_status":"closed","ping_status":"closed","sticky":false,"template":"","format":"standard","meta":{"fifu_image_url":"","fifu_image_alt":"","footnotes":""},"categories":[8,27],"tags":[],"class_list":["post-7998","post","type-post","status-publish","format-standard","hentry","category-featured","category-seguridad-publica"],"_links":{"self":[{"href":"https:\/\/www.interaccionnoticias.com.mx\/index.php?rest_route=\/wp\/v2\/posts\/7998","targetHints":{"allow":["GET"]}}],"collection":[{"href":"https:\/\/www.interaccionnoticias.com.mx\/index.php?rest_route=\/wp\/v2\/posts"}],"about":[{"href":"https:\/\/www.interaccionnoticias.com.mx\/index.php?rest_route=\/wp\/v2\/types\/post"}],"author":[{"embeddable":true,"href":"https:\/\/www.interaccionnoticias.com.mx\/index.php?rest_route=\/wp\/v2\/users\/1"}],"replies":[{"embeddable":true,"href":"https:\/\/www.interaccionnoticias.com.mx\/index.php?rest_route=%2Fwp%2Fv2%2Fcomments&post=7998"}],"version-history":[{"count":0,"href":"https:\/\/www.interaccionnoticias.com.mx\/index.php?rest_route=\/wp\/v2\/posts\/7998\/revisions"}],"wp:attachment":[{"href":"https:\/\/www.interaccionnoticias.com.mx\/index.php?rest_route=%2Fwp%2Fv2%2Fmedia&parent=7998"}],"wp:term":[{"taxonomy":"category","embeddable":true,"href":"https:\/\/www.interaccionnoticias.com.mx\/index.php?rest_route=%2Fwp%2Fv2%2Fcategories&post=7998"},{"taxonomy":"post_tag","embeddable":true,"href":"https:\/\/www.interaccionnoticias.com.mx\/index.php?rest_route=%2Fwp%2Fv2%2Ftags&post=7998"}],"curies":[{"name":"wp","href":"https:\/\/api.w.org\/{rel}","templated":true}]}}