{"id":7981,"date":"2017-09-13T00:23:34","date_gmt":"2017-09-13T05:23:34","guid":{"rendered":"http:\/\/www.inter-accion.com.mx\/?p=7981"},"modified":"2017-09-13T00:23:34","modified_gmt":"2017-09-13T05:23:34","slug":"este-viernes-la-entrega-de-la-presea-sentimientos-de-la-nacion","status":"publish","type":"post","link":"https:\/\/www.interaccionnoticias.com.mx\/?p=7981","title":{"rendered":"Este mi\u00e9rcoles, la entrega de la Presea Sentimientos de la Naci\u00f3n"},"content":{"rendered":"<p>&nbsp;Este mi\u00e9rcoles el Congreso de Guerrero entregar\u00e1 la Presea Sentimientos de la Naci\u00f3n a la &nbsp;Secretaria Ejecutiva de la Comisi\u00f3n Econ\u00f3mica para Am\u00e9rica Latina y el Caribe (CEPAL), Alicia B\u00e1rcena Ibarra,&nbsp;quien se convertir\u00e1 en la tercera mujer en recibir el m\u00e1ximo reconocimiento que entrega el poder Legislativo en el estado.<br \/>\nLa entrega de la Presea est\u00e1 programada para las seis de la tarde en sesi\u00f3n p\u00fablica y solemne, que se realizar\u00e1 en la Catedral de la Asunci\u00f3n de Mar\u00eda, en el centro de Chilpancingo, en donde estar\u00e1n presentes los representantes de los tres poderes de Guerrero.<br \/>\nLa Presea Sentimientos de la Naci\u00f3n se entrega desde&nbsp;1997 a personajes nacionales o extranjeros que se &nbsp;consideran dignos del reconocimiento, tomando en cuenta su vinculaci\u00f3n con los principios del Primer Congreso de An\u00e1huac y de los Sentimientos de la Naci\u00f3n, como la lucha por la paz, la democracia, la defensa de los derechos humanos.<br \/>\nEn la historia de la Presea, solo dos mujeres han sido consideradas por el Congreso del estado pare recibir el reconocimiento: En 1998 fue entregada a la se\u00f1ora Hortensia Bussi, viuda del ex presidente chileno, Salvador Allende, y en 2009 fue condecorada Virginia Sendel Iturbide, presidenta de la fundaci\u00f3n Michou y Mau.<br \/>\nEn el marco de la conmemoraci\u00f3n del 204 aniversario del Primer Congreso de An\u00e1huac, Alicia B\u00e1rcena Ibarra fue elegida por la actual legislatura para ser condecorada con la Presea, por su trabajo, promoci\u00f3n y aportaci\u00f3n a la cultura, la libertad, la paz y la democracia.<br \/>\nB\u00e1rcena Ibarra es originaria de la Ciudad de M\u00e9xico, licenciada en Biolog\u00eda, por la Universidad Nacional Aut\u00f3noma de M\u00e9xico, &nbsp;maestra en administraci\u00f3n p\u00fablica, y ecolog\u00eda, y cuenta con un doctorado honoris causa por la Universidad de Oslo, Noruega.<br \/>\nAntes de ser Secretaria Ejecutiva de la CEPAL,&nbsp;se desempe\u00f1\u00f3 como Secretaria General Adjunta de Gesti\u00f3n en la Sede de las Naciones Unidas, &nbsp;en Nueva York, y cumpli\u00f3 tareas como Jefa de Gabinete, &nbsp;y anteriormente como Jefa Adjunta de Gabinete de Kofi Annan, entonces Secretario de las Naciones Unidas.<br \/>\nEn la CEPAL ocup\u00f3 el cargo de Secretar\u00eda Ejecutiva Adjunta y Directora de la Divisi\u00f3n de Medio Ambiente y Asentamientos Humanos. En las Naciones Unidas fue Coordinadora del Programa de Desarrollo Sostenible de Am\u00e9rica Latina y el Caribe, y Coordinadora del Proyecto Ciudadan\u00eda Ambiental del Programa de las Naciones Unidas sobre el Medio Ambiente.<br \/>\nTambi\u00e9n fue fundadora y dirigi\u00f3 el Consejo de la Tierra, organizaci\u00f3n no gubernamental con sede en Costa Rica, encargada del seguimiento de los acuerdos suscritos en la Conferencia de las Naciones Unidas sobre Medio Ambiente y el Desarrollo, celebrada en Rio de Janeiro en 1992.<\/p>\n","protected":false},"excerpt":{"rendered":"<p>&nbsp;Este mi\u00e9rcoles el Congreso de Guerrero entregar\u00e1 la Presea Sentimientos de la Naci\u00f3n a la &nbsp;Secretaria Ejecutiva de la Comisi\u00f3n Econ\u00f3mica para Am\u00e9rica Latina y el Caribe (CEPAL), Alicia B\u00e1rcena&hellip; <\/p>\n","protected":false},"author":1,"featured_media":0,"comment_status":"closed","ping_status":"closed","sticky":false,"template":"","format":"standard","meta":{"fifu_image_url":"","fifu_image_alt":"","footnotes":""},"categories":[2,8],"tags":[],"class_list":["post-7981","post","type-post","status-publish","format-standard","hentry","category-congreso","category-featured"],"_links":{"self":[{"href":"https:\/\/www.interaccionnoticias.com.mx\/index.php?rest_route=\/wp\/v2\/posts\/7981","targetHints":{"allow":["GET"]}}],"collection":[{"href":"https:\/\/www.interaccionnoticias.com.mx\/index.php?rest_route=\/wp\/v2\/posts"}],"about":[{"href":"https:\/\/www.interaccionnoticias.com.mx\/index.php?rest_route=\/wp\/v2\/types\/post"}],"author":[{"embeddable":true,"href":"https:\/\/www.interaccionnoticias.com.mx\/index.php?rest_route=\/wp\/v2\/users\/1"}],"replies":[{"embeddable":true,"href":"https:\/\/www.interaccionnoticias.com.mx\/index.php?rest_route=%2Fwp%2Fv2%2Fcomments&post=7981"}],"version-history":[{"count":0,"href":"https:\/\/www.interaccionnoticias.com.mx\/index.php?rest_route=\/wp\/v2\/posts\/7981\/revisions"}],"wp:attachment":[{"href":"https:\/\/www.interaccionnoticias.com.mx\/index.php?rest_route=%2Fwp%2Fv2%2Fmedia&parent=7981"}],"wp:term":[{"taxonomy":"category","embeddable":true,"href":"https:\/\/www.interaccionnoticias.com.mx\/index.php?rest_route=%2Fwp%2Fv2%2Fcategories&post=7981"},{"taxonomy":"post_tag","embeddable":true,"href":"https:\/\/www.interaccionnoticias.com.mx\/index.php?rest_route=%2Fwp%2Fv2%2Ftags&post=7981"}],"curies":[{"name":"wp","href":"https:\/\/api.w.org\/{rel}","templated":true}]}}