{"id":79737,"date":"2024-07-15T15:57:45","date_gmt":"2024-07-15T20:57:45","guid":{"rendered":"https:\/\/www.interaccionnoticias.com.mx\/?p=79737"},"modified":"2024-07-15T15:57:47","modified_gmt":"2024-07-15T20:57:47","slug":"muere-caballo-en-la-avenida-olimpica-en-chilpancingo","status":"publish","type":"post","link":"https:\/\/www.interaccionnoticias.com.mx\/?p=79737","title":{"rendered":"Muere caballo en la avenida Ol\u00edmpica en Chilpancingo"},"content":{"rendered":"\n<p><strong><em>&#8212; Medio Ambiente del Municipio tiene un registro de tres caballos abandonados en la capital del estado<br>&#8212; Buscan al due\u00f1o del animal, para saber por qu\u00e9 la condici\u00f3n de abandono<\/em><\/strong><\/p>\n\n\n\n<p><strong>Yasm\u00edn Garc\u00eda<\/strong><\/p>\n\n\n\n<p>Un caballo muri\u00f3 en la avenida Olimpica de la colonia Unidad Deportiva al sur de Chilpancingo, los vecinos reportaron a las autoridades la tarde de ayer que el animal estaba tirado en la v\u00eda publica en malas condiciones de salud, hasta el momento el cad\u00e1ver del caballo no ha sido retirado.<\/p>\n\n\n\n<p>El ayuntamiento municipal inform\u00f3 que el director de Control Canino y Felino, Filiberto P\u00e9rez acudi\u00f3 al lugar a hidratar al equino, pero no fue trasladado a ning\u00fan otro lugar y permaneci\u00f3 en la v\u00eda publica.<\/p>\n\n\n\n<p>Por la tarde se registr\u00f3 una intensa lluvia en toda la zona centro de la entidad, incluyendo la ciudad capital, donde hubo encharcamientos y varios \u00e1rboles ca\u00eddos.<\/p>\n\n\n\n<p>El equino presentaba deshidrataci\u00f3n, lesiones y dolor en el est\u00f3mago, por lo que pas\u00f3 la tarde y noche del domingo 14 de julio expuesto al mal tiempo.<\/p>\n\n\n\n<p>La titular de la Secretar\u00eda de Medio Ambiente, Cambio Clim\u00e1tico y Sustentabilidad del municipio, \u00c1ngela Areli Quezada Castro, manifest\u00f3 que en los \u00faltimos meses han documentado tres casos de caballos abandonados en diferentes partes de la ciudad, lastimados o enfermos, sin embargo, no pueden hacer nada en contra de los due\u00f1os, ya que ning\u00fan ciudadano presenta una denuncia formal ante la Secretar\u00eda.<\/p>\n\n\n\n<p>Asegur\u00f3 que estos casos se han presentado porque los due\u00f1os los venden a otras personas quienes despu\u00e9s los abandonan por alguna enfermedad, y tambi\u00e9n porque son cr\u00edas de caballos que no tienen due\u00f1os y no hay quien se haga responsables de ellos.<\/p>\n\n\n\n<p>\u201cLa Secretar\u00eda de Desarrollo Rural se encuentra viendo eso, quien es el due\u00f1o, normalmente tienen el fierro quemador en la parte superior, este caballo lo tiene m\u00e1s abajo, probablemente podr\u00eda ser un fierro falsificado o el due\u00f1o lo vendi\u00f3, se pueden dar muchas cosas\u201d, dijo la funcionaria municipal.<\/p>\n\n\n\n<p>Angela Quezada pidi\u00f3 a la poblaci\u00f3n que reporte casos de animales maltratados o abandonados, llenar un formato que la secretar\u00eda les proporciona para que las autoridades puedan proceder legalmente.<\/p>\n\n\n\n<p>\u201cSin la denuncia formal no se puede hacer nada ya hemos intentado hemos hecho actuaciones, pero sin la denuncia no dan los resultados que quisi\u00e9ramos\u201d, puntualiz\u00f3<\/p>\n","protected":false},"excerpt":{"rendered":"<p>&#8212; Medio Ambiente del Municipio tiene un registro de tres caballos abandonados en la capital del estado&#8212; Buscan al due\u00f1o del animal, para saber por qu\u00e9 la condici\u00f3n de abandono&hellip; <\/p>\n","protected":false},"author":32,"featured_media":79738,"comment_status":"open","ping_status":"open","sticky":false,"template":"","format":"standard","meta":{"fifu_image_url":"","fifu_image_alt":"","footnotes":""},"categories":[29],"tags":[],"class_list":["post-79737","post","type-post","status-publish","format-standard","has-post-thumbnail","hentry","category-sociedad"],"_links":{"self":[{"href":"https:\/\/www.interaccionnoticias.com.mx\/index.php?rest_route=\/wp\/v2\/posts\/79737","targetHints":{"allow":["GET"]}}],"collection":[{"href":"https:\/\/www.interaccionnoticias.com.mx\/index.php?rest_route=\/wp\/v2\/posts"}],"about":[{"href":"https:\/\/www.interaccionnoticias.com.mx\/index.php?rest_route=\/wp\/v2\/types\/post"}],"author":[{"embeddable":true,"href":"https:\/\/www.interaccionnoticias.com.mx\/index.php?rest_route=\/wp\/v2\/users\/32"}],"replies":[{"embeddable":true,"href":"https:\/\/www.interaccionnoticias.com.mx\/index.php?rest_route=%2Fwp%2Fv2%2Fcomments&post=79737"}],"version-history":[{"count":1,"href":"https:\/\/www.interaccionnoticias.com.mx\/index.php?rest_route=\/wp\/v2\/posts\/79737\/revisions"}],"predecessor-version":[{"id":79739,"href":"https:\/\/www.interaccionnoticias.com.mx\/index.php?rest_route=\/wp\/v2\/posts\/79737\/revisions\/79739"}],"wp:featuredmedia":[{"embeddable":true,"href":"https:\/\/www.interaccionnoticias.com.mx\/index.php?rest_route=\/wp\/v2\/media\/79738"}],"wp:attachment":[{"href":"https:\/\/www.interaccionnoticias.com.mx\/index.php?rest_route=%2Fwp%2Fv2%2Fmedia&parent=79737"}],"wp:term":[{"taxonomy":"category","embeddable":true,"href":"https:\/\/www.interaccionnoticias.com.mx\/index.php?rest_route=%2Fwp%2Fv2%2Fcategories&post=79737"},{"taxonomy":"post_tag","embeddable":true,"href":"https:\/\/www.interaccionnoticias.com.mx\/index.php?rest_route=%2Fwp%2Fv2%2Ftags&post=79737"}],"curies":[{"name":"wp","href":"https:\/\/api.w.org\/{rel}","templated":true}]}}