{"id":79734,"date":"2024-07-15T15:54:26","date_gmt":"2024-07-15T20:54:26","guid":{"rendered":"https:\/\/www.interaccionnoticias.com.mx\/?p=79734"},"modified":"2024-07-15T15:54:27","modified_gmt":"2024-07-15T20:54:27","slug":"egresadas-de-la-adolfo-viguri-viguri-tienen-su-plaza-asegurada-asegura-felix-salgado","status":"publish","type":"post","link":"https:\/\/www.interaccionnoticias.com.mx\/?p=79734","title":{"rendered":"Egresadas de la Adolfo Viguri Viguri tienen su plaza asegurada, asegura F\u00e9lix Salgado"},"content":{"rendered":"\n<p><em><strong>&#8212; Funge como padrino de generaci\u00f3n de 55 nuevas licenciadas en Educaci\u00f3n<\/strong><\/em><\/p>\n\n\n\n<p><strong>Rogelio Agust\u00edn<\/strong><\/p>\n\n\n\n<p>El senador F\u00e9lix Salgado Macedonio garantiz\u00f3 que todas las egresadas de la generaci\u00f3n 2020-2024, de la licenciatura en Educaci\u00f3n Preescolar en la Normal Adolfo Viguri Viguri tienen su plaza asegurada.<\/p>\n\n\n\n<p>El senador morenista fue padrino de la generaci\u00f3n de licenciadas en Educaci\u00f3n Preescolar que este lunes 15 de julio celebraron su ceremonia de graduaci\u00f3n.<\/p>\n\n\n\n<p>En el evento, Salgado Macedonio expuso que en el teatro Mar\u00eda Luis Ocampo, donde acudieron las egresadas, estaba pr\u00e1cticamente toda la estructura de la Secretar\u00eda de Educaci\u00f3n Guerrero (SEG), lo que daba una muestra de la importancia que tiene dicho plantel para la entidad.<\/p>\n\n\n\n<p>Destac\u00f3 que en esta generaci\u00f3n, todas las egresadas tienen \u201ctodas las facilidades\u201d para encontrar trabajo.<\/p>\n\n\n\n<p>Record\u00f3 que el a\u00f1o pasado, \u201ccasi todas\u201d las egresadas consiguieron entrar a la base laboral de la SEG, pero enfatiz\u00f3 que para 2024 ese \u201ccasi\u201d ya estaba superado.<\/p>\n\n\n\n<p>De acuerdo con la informaci\u00f3n oficial, este a\u00f1o son 55 las egresadas de la Licenciatura en Educaci\u00f3n Preescolar en la generaci\u00f3n 2024.<\/p>\n\n\n\n<p>La Normal Adolfo Viguri tiene ya iniciada la licenciatura en Educaci\u00f3n Inicial, aunque sus estudiantes apenas se encuentran en el cuarto semestre.<\/p>\n","protected":false},"excerpt":{"rendered":"<p>&#8212; Funge como padrino de generaci\u00f3n de 55 nuevas licenciadas en Educaci\u00f3n Rogelio Agust\u00edn El senador F\u00e9lix Salgado Macedonio garantiz\u00f3 que todas las egresadas de la generaci\u00f3n 2020-2024, de la&hellip; <\/p>\n","protected":false},"author":21,"featured_media":79735,"comment_status":"open","ping_status":"open","sticky":false,"template":"","format":"standard","meta":{"fifu_image_url":"","fifu_image_alt":"","footnotes":""},"categories":[6],"tags":[],"class_list":["post-79734","post","type-post","status-publish","format-standard","has-post-thumbnail","hentry","category-educacion"],"_links":{"self":[{"href":"https:\/\/www.interaccionnoticias.com.mx\/index.php?rest_route=\/wp\/v2\/posts\/79734","targetHints":{"allow":["GET"]}}],"collection":[{"href":"https:\/\/www.interaccionnoticias.com.mx\/index.php?rest_route=\/wp\/v2\/posts"}],"about":[{"href":"https:\/\/www.interaccionnoticias.com.mx\/index.php?rest_route=\/wp\/v2\/types\/post"}],"author":[{"embeddable":true,"href":"https:\/\/www.interaccionnoticias.com.mx\/index.php?rest_route=\/wp\/v2\/users\/21"}],"replies":[{"embeddable":true,"href":"https:\/\/www.interaccionnoticias.com.mx\/index.php?rest_route=%2Fwp%2Fv2%2Fcomments&post=79734"}],"version-history":[{"count":1,"href":"https:\/\/www.interaccionnoticias.com.mx\/index.php?rest_route=\/wp\/v2\/posts\/79734\/revisions"}],"predecessor-version":[{"id":79736,"href":"https:\/\/www.interaccionnoticias.com.mx\/index.php?rest_route=\/wp\/v2\/posts\/79734\/revisions\/79736"}],"wp:featuredmedia":[{"embeddable":true,"href":"https:\/\/www.interaccionnoticias.com.mx\/index.php?rest_route=\/wp\/v2\/media\/79735"}],"wp:attachment":[{"href":"https:\/\/www.interaccionnoticias.com.mx\/index.php?rest_route=%2Fwp%2Fv2%2Fmedia&parent=79734"}],"wp:term":[{"taxonomy":"category","embeddable":true,"href":"https:\/\/www.interaccionnoticias.com.mx\/index.php?rest_route=%2Fwp%2Fv2%2Fcategories&post=79734"},{"taxonomy":"post_tag","embeddable":true,"href":"https:\/\/www.interaccionnoticias.com.mx\/index.php?rest_route=%2Fwp%2Fv2%2Ftags&post=79734"}],"curies":[{"name":"wp","href":"https:\/\/api.w.org\/{rel}","templated":true}]}}