{"id":79717,"date":"2024-07-12T19:17:00","date_gmt":"2024-07-13T00:17:00","guid":{"rendered":"https:\/\/www.interaccionnoticias.com.mx\/?p=79717"},"modified":"2024-07-13T00:07:41","modified_gmt":"2024-07-13T05:07:41","slug":"defenderan-la-autonomia-del-pjf-lanzan-desde-guerrero","status":"publish","type":"post","link":"https:\/\/www.interaccionnoticias.com.mx\/?p=79717","title":{"rendered":"Defender\u00e1n la autonom\u00eda del PJF, lanzan desde Guerrero"},"content":{"rendered":"\n<p><strong><em>&#8212; Rechazan la iniciativa del Poder Ejecutivo y niegan corrupci\u00f3n<br>&#8212; Expresaron que defienden la profesionalizaci\u00f3n de PJF<\/em><\/strong><\/p>\n\n\n\n<p><strong>Javier Trujillo<\/strong><\/p>\n\n\n\n<p><strong>Acapulco, Gro. &#8211;<\/strong> En las instalaciones del Poder Judicial de la Federaci\u00f3n, realizaron un pronunciamiento, mismos que encabezaron magistrados, jueces y l\u00edderes sindicales del PJF, en Guerrero.<\/p>\n\n\n\n<p>En pleno d\u00eda del abogado, manifestaron su rechazo a la iniciativa presidencial de reforma al Poder Judicial, as\u00ed como las acusaciones que se lanzan todos los d\u00edas contra los trabajadores de esa instancia.<\/p>\n\n\n\n<p>Ante decenas de empleados de los juzgados y la salas, as\u00ed como personal administrativo se advirti\u00f3 que defender\u00e1n la autonom\u00eda, profesionalizaci\u00f3n y toda estructura de este \u00f3rgano judicial.<\/p>\n\n\n\n<p>Aunque reconocen que s\u00ed es necesaria una reforma para acercar la justicia a los diversos sectores de la ciudadan\u00eda.<\/p>\n\n\n\n<p>En ese recinto judicial, se realiz\u00f3 un pronunciamiento, donde manifestaron que desde ya, trabajan en una estrategia jur\u00eddica con la finalidad de impugnar lo que consideran una inminente reforma judicial impulsada desde el Ejecutivo y se proyecta sea votada en septiembre de este mismo a\u00f1o.<\/p>\n\n\n\n<p>\u201cDurante casi seis a\u00f1os hemos sido v\u00edctimas de calumnias, se nos ha amenazado e intimidado mediante un continuo discurso p\u00fablico de agresi\u00f3n verbal y de odio.<\/p>\n\n\n\n<p>\u201cHemos observado que los di\u00e1logos nacionales, sobre la Reforma Constitucional al poder judicial son una estrategia dilatoria con la finalidad de frenar la protesta de todos los integrantes del Poder Judicial\u201d, dijo Jos\u00e9 Artemio Navarrete S\u00e1nchez, juez Segundo de Distrito en Guerrero.<\/p>\n\n\n\n<p>A\u00f1adi\u00f3 que los integrantes del PJF, son perseguidos, exhibidos y presionados ante el posible evento de perder nuestro trabajo, nuestra vida profesional y afectar a las familias de m\u00e1s de 54 mil trabajadores.<\/p>\n\n\n\n<p>Navarrete S\u00e1nchez, expres\u00f3 \u201ces falso que mil 700 juzgadores federales seamos corruptos. Es falso que representemos a \u00e9lites o ideas conservadoras, la gran mayor\u00eda de las personas juzgadoras, provenimos del pueblo, y hemos estudiado en instituciones p\u00fablicas\u201d, remarc\u00f3 el juzgador.<\/p>\n\n\n\n<p>\u201cEs falso que liberemos delincuentes. Liberamos personas cuya culpabilidad no se ha comprobado, amparamos hoy y siempre al perseguido sin pruebas, con el Derecho como fundamento.<\/p>\n\n\n\n<p>\u201cEs falso que la elecci\u00f3n de jueces por voto popular sea la mejor manera de solucionar los problemas de justicia en M\u00e9xico\u201d, insisti\u00f3.<\/p>\n\n\n\n<p>Por su parte, la magistrada Karla Montes Ortega, se\u00f1al\u00f3 que la profesionalizaci\u00f3n de los juzgadores es necesaria para una correcta impartici\u00f3n de justicia.<\/p>\n\n\n\n<p>Cabe mencionar que durante la conmemoraci\u00f3n se colocaron mantas con diversas leyendas en las que se pod\u00eda leer \u201cJusticia sin cadenas pol\u00edticas\u201d, \u201cEl d\u00eda en que los jueces tengan miedo, ninguna persona podr\u00e1 dormir tranquila\u201d, y \u201cQueremos jueces sin miedo, sin presiones pol\u00edticas\u201d.<\/p>\n","protected":false},"excerpt":{"rendered":"<p>&#8212; Rechazan la iniciativa del Poder Ejecutivo y niegan corrupci\u00f3n&#8212; Expresaron que defienden la profesionalizaci\u00f3n de PJF Javier Trujillo Acapulco, Gro. &#8211; En las instalaciones del Poder Judicial de la&hellip; <\/p>\n","protected":false},"author":3,"featured_media":79718,"comment_status":"open","ping_status":"open","sticky":false,"template":"","format":"standard","meta":{"fifu_image_url":"","fifu_image_alt":"","footnotes":""},"categories":[11],"tags":[],"class_list":["post-79717","post","type-post","status-publish","format-standard","has-post-thumbnail","hentry","category-guerrero"],"_links":{"self":[{"href":"https:\/\/www.interaccionnoticias.com.mx\/index.php?rest_route=\/wp\/v2\/posts\/79717","targetHints":{"allow":["GET"]}}],"collection":[{"href":"https:\/\/www.interaccionnoticias.com.mx\/index.php?rest_route=\/wp\/v2\/posts"}],"about":[{"href":"https:\/\/www.interaccionnoticias.com.mx\/index.php?rest_route=\/wp\/v2\/types\/post"}],"author":[{"embeddable":true,"href":"https:\/\/www.interaccionnoticias.com.mx\/index.php?rest_route=\/wp\/v2\/users\/3"}],"replies":[{"embeddable":true,"href":"https:\/\/www.interaccionnoticias.com.mx\/index.php?rest_route=%2Fwp%2Fv2%2Fcomments&post=79717"}],"version-history":[{"count":1,"href":"https:\/\/www.interaccionnoticias.com.mx\/index.php?rest_route=\/wp\/v2\/posts\/79717\/revisions"}],"predecessor-version":[{"id":79719,"href":"https:\/\/www.interaccionnoticias.com.mx\/index.php?rest_route=\/wp\/v2\/posts\/79717\/revisions\/79719"}],"wp:featuredmedia":[{"embeddable":true,"href":"https:\/\/www.interaccionnoticias.com.mx\/index.php?rest_route=\/wp\/v2\/media\/79718"}],"wp:attachment":[{"href":"https:\/\/www.interaccionnoticias.com.mx\/index.php?rest_route=%2Fwp%2Fv2%2Fmedia&parent=79717"}],"wp:term":[{"taxonomy":"category","embeddable":true,"href":"https:\/\/www.interaccionnoticias.com.mx\/index.php?rest_route=%2Fwp%2Fv2%2Fcategories&post=79717"},{"taxonomy":"post_tag","embeddable":true,"href":"https:\/\/www.interaccionnoticias.com.mx\/index.php?rest_route=%2Fwp%2Fv2%2Ftags&post=79717"}],"curies":[{"name":"wp","href":"https:\/\/api.w.org\/{rel}","templated":true}]}}