{"id":79694,"date":"2024-07-12T15:32:46","date_gmt":"2024-07-12T20:32:46","guid":{"rendered":"https:\/\/www.interaccionnoticias.com.mx\/?p=79694"},"modified":"2024-07-12T15:32:47","modified_gmt":"2024-07-12T20:32:47","slug":"en-guerrero-trabajadores-del-poder-judicial-de-la-federacion-se-pronuncian-en-contra-de-la-reforma","status":"publish","type":"post","link":"https:\/\/www.interaccionnoticias.com.mx\/?p=79694","title":{"rendered":"En Guerrero, trabajadores del Poder Judicial de la Federaci\u00f3n se pronuncian en contra de la Reforma"},"content":{"rendered":"\n<p><strong><em>&#8212; \u201cSomos su contrapeso, no rendimos pleites\u00eda a ning\u00fan otro Poder\u201d, se\u00f1alan<br>&#8212; Anticipan paros laborales en todo el pa\u00eds<\/em><\/strong><\/p>\n\n\n\n<p><strong>Rosario Garc\u00eda Orozco<\/strong><\/p>\n\n\n\n<p>En el marco del D\u00eda del Abogado, trabajadores del Poder Judicial de la Federaci\u00f3n de Guerrero se manifestaron en contra de la Reforma al Poder Judicial, pues de concretarse, advierten que los mexicanos no van a tener la certeza para defender sus derechos humanos.<\/p>\n\n\n\n<p>Ger\u00f3nimo Jos\u00e9 Mart\u00ednez Mart\u00ednez, magistrado del Tercer Tribunal Colegiado en Materia Civil dijo que los juzgadores federales siempre han servido de manera digna al pa\u00eds.<\/p>\n\n\n\n<p>Por eso y ante la que se\u00f1ala como una amenaza de cesarlos y terminar con la independencia del Poder Judicial de la Federaci\u00f3n\u00bb, sus integrantes decidieron \u00abalzar la voz y comenzar a movilizarse.<\/p>\n\n\n\n<p>Indic\u00f3: Durante casi seis a\u00f1os hemos sido v\u00edctimas de calumnias, se nos ha amenazado e intimidado mediante un continuo discurso p\u00fablico de agresi\u00f3n verbal y odio por parte del gobierno federal\u00bb.<\/p>\n\n\n\n<p>Explic\u00f3 que son 54 mil trabajadores del Poder Judicial federal afectados por las reformas que ya est\u00e1n sujetas a discusi\u00f3n, ya que de manera constate se les ha se\u00f1alado de ser corruptos y de representar a una \u00e9lite pol\u00edtica y econ\u00f3mica del pa\u00eds.<\/p>\n\n\n\n<p>Esa aseveraci\u00f3n destac\u00f3 que resulta falsa, pues se asegura que mil 700 juzgadores federales son corruptos, que representan \u00e9lites, que tienen ideas conservadoras y que liberan a delincuentes.<\/p>\n\n\n\n<p>\u201cNosotros no liberamos delincuentes, es falso que la elecci\u00f3n de jueces por voto popular sea la mejor manera de solucionar los problemas de justicia en M\u00e9xico, lo que realmente se pretende es destruir la \u00fanica instituci\u00f3n p\u00fablica que ha frenado la instauraci\u00f3n del poder pol\u00edtico absoluto\u00bb, asever\u00f3.<\/p>\n\n\n\n<p>Indic\u00f3: \u00abSomos su contrapeso. La constituci\u00f3n as\u00ed lo establece, somos un poder que equilibra para evitar que los otros dos poderes act\u00faen fuera de la Ley\u00bb, y enfatiz\u00f3 que \u00abnuestra funci\u00f3n ahora incomoda, por ello falsamente se dice que estamos subordinados a las \u00e9lites financieras y que somos un poder corrupto\u00bb.<\/p>\n\n\n\n<p>En consecuencia, destac\u00f3 que hay resistencia ante la Reforma, por lo que realizar\u00e1n un paro nacional de actividades antes de que concluya el sexenio del presidente Andr\u00e9s Manuel L\u00f3pez Obrador.<\/p>\n\n\n\n<div class=\"wp-block-jetpack-slideshow aligncenter\" data-effect=\"slide\"><div class=\"wp-block-jetpack-slideshow_container swiper-container\"><ul class=\"wp-block-jetpack-slideshow_swiper-wrapper swiper-wrapper\"><li class=\"wp-block-jetpack-slideshow_slide swiper-slide\"><figure><img decoding=\"async\" src=\"data:image\/gif;base64,R0lGODlhAQABAIAAAAAAAP\/\/\/ywAAAAAAQABAAACAUwAOw==\" fifu-lazy=\"1\" fifu-data-sizes=\"auto\" fifu-data-srcset=\"https:\/\/i2.wp.com\/www.interaccionnoticias.com.mx\/wp-content\/uploads\/2024\/07\/240712-Poder-Judicial-2-1024x683.jpg?ssl=1&w=75&resize=75&ssl=1 75w, https:\/\/i2.wp.com\/www.interaccionnoticias.com.mx\/wp-content\/uploads\/2024\/07\/240712-Poder-Judicial-2-1024x683.jpg?ssl=1&w=100&resize=100&ssl=1 100w, https:\/\/i2.wp.com\/www.interaccionnoticias.com.mx\/wp-content\/uploads\/2024\/07\/240712-Poder-Judicial-2-1024x683.jpg?ssl=1&w=150&resize=150&ssl=1 150w, https:\/\/i2.wp.com\/www.interaccionnoticias.com.mx\/wp-content\/uploads\/2024\/07\/240712-Poder-Judicial-2-1024x683.jpg?ssl=1&w=240&resize=240&ssl=1 240w, https:\/\/i2.wp.com\/www.interaccionnoticias.com.mx\/wp-content\/uploads\/2024\/07\/240712-Poder-Judicial-2-1024x683.jpg?ssl=1&w=320&resize=320&ssl=1 320w, https:\/\/i2.wp.com\/www.interaccionnoticias.com.mx\/wp-content\/uploads\/2024\/07\/240712-Poder-Judicial-2-1024x683.jpg?ssl=1&w=500&resize=500&ssl=1 500w, https:\/\/i2.wp.com\/www.interaccionnoticias.com.mx\/wp-content\/uploads\/2024\/07\/240712-Poder-Judicial-2-1024x683.jpg?ssl=1&w=640&resize=640&ssl=1 640w, https:\/\/i2.wp.com\/www.interaccionnoticias.com.mx\/wp-content\/uploads\/2024\/07\/240712-Poder-Judicial-2-1024x683.jpg?ssl=1&w=800&resize=800&ssl=1 800w, https:\/\/i2.wp.com\/www.interaccionnoticias.com.mx\/wp-content\/uploads\/2024\/07\/240712-Poder-Judicial-2-1024x683.jpg?ssl=1&w=1024&resize=1024&ssl=1 1024w, https:\/\/i2.wp.com\/www.interaccionnoticias.com.mx\/wp-content\/uploads\/2024\/07\/240712-Poder-Judicial-2-1024x683.jpg?ssl=1&w=1280&resize=1280&ssl=1 1280w, https:\/\/i2.wp.com\/www.interaccionnoticias.com.mx\/wp-content\/uploads\/2024\/07\/240712-Poder-Judicial-2-1024x683.jpg?ssl=1&w=1600&resize=1600&ssl=1 1600w\" alt=\"\" class=\"wp-block-jetpack-slideshow_image wp-image-79695\" data-id=\"79695\" fifu-data-src=\"https:\/\/i2.wp.com\/www.interaccionnoticias.com.mx\/wp-content\/uploads\/2024\/07\/240712-Poder-Judicial-2-1024x683.jpg?ssl=1\"\/><\/figure><\/li><li class=\"wp-block-jetpack-slideshow_slide swiper-slide\"><figure><img decoding=\"async\" src=\"data:image\/gif;base64,R0lGODlhAQABAIAAAAAAAP\/\/\/ywAAAAAAQABAAACAUwAOw==\" fifu-lazy=\"1\" fifu-data-sizes=\"auto\" fifu-data-srcset=\"https:\/\/i0.wp.com\/www.interaccionnoticias.com.mx\/wp-content\/uploads\/2024\/07\/240712-Poder-Judicial-3-1024x683.jpg?ssl=1&w=75&resize=75&ssl=1 75w, https:\/\/i0.wp.com\/www.interaccionnoticias.com.mx\/wp-content\/uploads\/2024\/07\/240712-Poder-Judicial-3-1024x683.jpg?ssl=1&w=100&resize=100&ssl=1 100w, https:\/\/i0.wp.com\/www.interaccionnoticias.com.mx\/wp-content\/uploads\/2024\/07\/240712-Poder-Judicial-3-1024x683.jpg?ssl=1&w=150&resize=150&ssl=1 150w, https:\/\/i0.wp.com\/www.interaccionnoticias.com.mx\/wp-content\/uploads\/2024\/07\/240712-Poder-Judicial-3-1024x683.jpg?ssl=1&w=240&resize=240&ssl=1 240w, https:\/\/i0.wp.com\/www.interaccionnoticias.com.mx\/wp-content\/uploads\/2024\/07\/240712-Poder-Judicial-3-1024x683.jpg?ssl=1&w=320&resize=320&ssl=1 320w, https:\/\/i0.wp.com\/www.interaccionnoticias.com.mx\/wp-content\/uploads\/2024\/07\/240712-Poder-Judicial-3-1024x683.jpg?ssl=1&w=500&resize=500&ssl=1 500w, https:\/\/i0.wp.com\/www.interaccionnoticias.com.mx\/wp-content\/uploads\/2024\/07\/240712-Poder-Judicial-3-1024x683.jpg?ssl=1&w=640&resize=640&ssl=1 640w, https:\/\/i0.wp.com\/www.interaccionnoticias.com.mx\/wp-content\/uploads\/2024\/07\/240712-Poder-Judicial-3-1024x683.jpg?ssl=1&w=800&resize=800&ssl=1 800w, https:\/\/i0.wp.com\/www.interaccionnoticias.com.mx\/wp-content\/uploads\/2024\/07\/240712-Poder-Judicial-3-1024x683.jpg?ssl=1&w=1024&resize=1024&ssl=1 1024w, https:\/\/i0.wp.com\/www.interaccionnoticias.com.mx\/wp-content\/uploads\/2024\/07\/240712-Poder-Judicial-3-1024x683.jpg?ssl=1&w=1280&resize=1280&ssl=1 1280w, https:\/\/i0.wp.com\/www.interaccionnoticias.com.mx\/wp-content\/uploads\/2024\/07\/240712-Poder-Judicial-3-1024x683.jpg?ssl=1&w=1600&resize=1600&ssl=1 1600w\" alt=\"\" class=\"wp-block-jetpack-slideshow_image wp-image-79696\" data-id=\"79696\" fifu-data-src=\"https:\/\/i0.wp.com\/www.interaccionnoticias.com.mx\/wp-content\/uploads\/2024\/07\/240712-Poder-Judicial-3-1024x683.jpg?ssl=1\"\/><\/figure><\/li><li class=\"wp-block-jetpack-slideshow_slide swiper-slide\"><figure><img decoding=\"async\" src=\"data:image\/gif;base64,R0lGODlhAQABAIAAAAAAAP\/\/\/ywAAAAAAQABAAACAUwAOw==\" fifu-lazy=\"1\" fifu-data-sizes=\"auto\" fifu-data-srcset=\"https:\/\/i1.wp.com\/www.interaccionnoticias.com.mx\/wp-content\/uploads\/2024\/07\/240712-Poder-Judicial-1-1024x683.jpg?ssl=1&w=75&resize=75&ssl=1 75w, https:\/\/i1.wp.com\/www.interaccionnoticias.com.mx\/wp-content\/uploads\/2024\/07\/240712-Poder-Judicial-1-1024x683.jpg?ssl=1&w=100&resize=100&ssl=1 100w, https:\/\/i1.wp.com\/www.interaccionnoticias.com.mx\/wp-content\/uploads\/2024\/07\/240712-Poder-Judicial-1-1024x683.jpg?ssl=1&w=150&resize=150&ssl=1 150w, https:\/\/i1.wp.com\/www.interaccionnoticias.com.mx\/wp-content\/uploads\/2024\/07\/240712-Poder-Judicial-1-1024x683.jpg?ssl=1&w=240&resize=240&ssl=1 240w, https:\/\/i1.wp.com\/www.interaccionnoticias.com.mx\/wp-content\/uploads\/2024\/07\/240712-Poder-Judicial-1-1024x683.jpg?ssl=1&w=320&resize=320&ssl=1 320w, https:\/\/i1.wp.com\/www.interaccionnoticias.com.mx\/wp-content\/uploads\/2024\/07\/240712-Poder-Judicial-1-1024x683.jpg?ssl=1&w=500&resize=500&ssl=1 500w, https:\/\/i1.wp.com\/www.interaccionnoticias.com.mx\/wp-content\/uploads\/2024\/07\/240712-Poder-Judicial-1-1024x683.jpg?ssl=1&w=640&resize=640&ssl=1 640w, https:\/\/i1.wp.com\/www.interaccionnoticias.com.mx\/wp-content\/uploads\/2024\/07\/240712-Poder-Judicial-1-1024x683.jpg?ssl=1&w=800&resize=800&ssl=1 800w, https:\/\/i1.wp.com\/www.interaccionnoticias.com.mx\/wp-content\/uploads\/2024\/07\/240712-Poder-Judicial-1-1024x683.jpg?ssl=1&w=1024&resize=1024&ssl=1 1024w, https:\/\/i1.wp.com\/www.interaccionnoticias.com.mx\/wp-content\/uploads\/2024\/07\/240712-Poder-Judicial-1-1024x683.jpg?ssl=1&w=1280&resize=1280&ssl=1 1280w, https:\/\/i1.wp.com\/www.interaccionnoticias.com.mx\/wp-content\/uploads\/2024\/07\/240712-Poder-Judicial-1-1024x683.jpg?ssl=1&w=1600&resize=1600&ssl=1 1600w\" alt=\"\" class=\"wp-block-jetpack-slideshow_image wp-image-79697\" data-id=\"79697\" fifu-data-src=\"https:\/\/i1.wp.com\/www.interaccionnoticias.com.mx\/wp-content\/uploads\/2024\/07\/240712-Poder-Judicial-1-1024x683.jpg?ssl=1\"\/><\/figure><\/li><\/ul><a class=\"wp-block-jetpack-slideshow_button-prev swiper-button-prev swiper-button-white\" role=\"button\"><\/a><a class=\"wp-block-jetpack-slideshow_button-next swiper-button-next swiper-button-white\" role=\"button\"><\/a><a aria-label=\"Pause Slideshow\" class=\"wp-block-jetpack-slideshow_button-pause\" role=\"button\"><\/a><div class=\"wp-block-jetpack-slideshow_pagination swiper-pagination swiper-pagination-white\"><\/div><\/div><\/div>\n","protected":false},"excerpt":{"rendered":"<p>&#8212; \u201cSomos su contrapeso, no rendimos pleites\u00eda a ning\u00fan otro Poder\u201d, se\u00f1alan&#8212; Anticipan paros laborales en todo el pa\u00eds Rosario Garc\u00eda Orozco En el marco del D\u00eda del Abogado, trabajadores&hellip; <\/p>\n","protected":false},"author":14,"featured_media":79697,"comment_status":"open","ping_status":"open","sticky":false,"template":"","format":"standard","meta":{"fifu_image_url":"","fifu_image_alt":"","footnotes":""},"categories":[11],"tags":[],"class_list":["post-79694","post","type-post","status-publish","format-standard","has-post-thumbnail","hentry","category-guerrero"],"_links":{"self":[{"href":"https:\/\/www.interaccionnoticias.com.mx\/index.php?rest_route=\/wp\/v2\/posts\/79694","targetHints":{"allow":["GET"]}}],"collection":[{"href":"https:\/\/www.interaccionnoticias.com.mx\/index.php?rest_route=\/wp\/v2\/posts"}],"about":[{"href":"https:\/\/www.interaccionnoticias.com.mx\/index.php?rest_route=\/wp\/v2\/types\/post"}],"author":[{"embeddable":true,"href":"https:\/\/www.interaccionnoticias.com.mx\/index.php?rest_route=\/wp\/v2\/users\/14"}],"replies":[{"embeddable":true,"href":"https:\/\/www.interaccionnoticias.com.mx\/index.php?rest_route=%2Fwp%2Fv2%2Fcomments&post=79694"}],"version-history":[{"count":1,"href":"https:\/\/www.interaccionnoticias.com.mx\/index.php?rest_route=\/wp\/v2\/posts\/79694\/revisions"}],"predecessor-version":[{"id":79698,"href":"https:\/\/www.interaccionnoticias.com.mx\/index.php?rest_route=\/wp\/v2\/posts\/79694\/revisions\/79698"}],"wp:featuredmedia":[{"embeddable":true,"href":"https:\/\/www.interaccionnoticias.com.mx\/index.php?rest_route=\/wp\/v2\/media\/79697"}],"wp:attachment":[{"href":"https:\/\/www.interaccionnoticias.com.mx\/index.php?rest_route=%2Fwp%2Fv2%2Fmedia&parent=79694"}],"wp:term":[{"taxonomy":"category","embeddable":true,"href":"https:\/\/www.interaccionnoticias.com.mx\/index.php?rest_route=%2Fwp%2Fv2%2Fcategories&post=79694"},{"taxonomy":"post_tag","embeddable":true,"href":"https:\/\/www.interaccionnoticias.com.mx\/index.php?rest_route=%2Fwp%2Fv2%2Ftags&post=79694"}],"curies":[{"name":"wp","href":"https:\/\/api.w.org\/{rel}","templated":true}]}}