{"id":7968,"date":"2017-09-13T00:12:46","date_gmt":"2017-09-13T05:12:46","guid":{"rendered":"http:\/\/www.inter-accion.com.mx\/?p=7968"},"modified":"2017-09-13T00:12:46","modified_gmt":"2017-09-13T05:12:46","slug":"presenta-javier-saldana-al-equipo-aguilas-uagro","status":"publish","type":"post","link":"https:\/\/www.interaccionnoticias.com.mx\/?p=7968","title":{"rendered":"Presenta Javier Salda\u00f1a al equipo \u00c1guilas UAGro"},"content":{"rendered":"<p>Continuando con el prop\u00f3sito de superar los logros en las pasadas dos temporadas, Javier Salda\u00f1a Almaz\u00e1n presento a la plantilla del equipo \u00c1guilas UAGro ante el arranque de la temporada 2017-2017 del balompi\u00e9 de la 3ra Divisi\u00f3n Profesional, teniendo como invitado al ex seleccionado mexicano Juan de Dios Ram\u00edrez Perales.<br \/>\nEl grupo VI, que ha albergado a las \u00c1guilas por tres a\u00f1os, dar\u00e1 arranque al torneo de futbol profesional este viernes 15, cuando el cuadro universitario visite a su similar de Iguala de la Independencia y para la presentaci\u00f3n oficial frente a la afici\u00f3n universitaria y chilpancingue\u00f1a recibir\u00e1 al equipo Selva Ca\u00f1era de Zacatepec, Morelos el pr\u00f3ximo 22 de septiembre.<br \/>\nAcompa\u00f1ando al rector Javier Salda\u00f1a, estuvieron presentes la titular de Planeaci\u00f3n, Arely Almaz\u00e1n Adame; la Tesorera General, Leticia Jim\u00e9nez Zamora; el Coordinador de Deportes, Abraham L\u00f3pez Figueroa; la Jefa de Deportes en la capital, Dulce Mar\u00eda D\u00edaz Leyva, as\u00ed como los invitados Juan de Dios Ram\u00edrez Perales y Miguel Campos Navarrete, hermano del famoso portero acapulque\u00f1o Jorge Campos.<br \/>\nLos 25 jugadores que portar\u00e1n la camiseta universitaria fueron presentados en el estadio UAGro frente a estudiantes y sociedad civil que se dieron cita en lugar, donde tambi\u00e9n recibieron con aplausos al director t\u00e9cnico porte\u00f1o Eleazar R\u00edos Bello y a su asistente Andr\u00e9s de Jes\u00fas de la Cruz.<br \/>\nTras entonar el himno Universitario y tomar la foto oficial, el doctor Javier Salda\u00f1a se dirigi\u00f3 a los j\u00f3venes talentos para convocarlos a que sigan formando parte de la estrategia del deporte, \u201choy en d\u00eda en la Universidad Aut\u00f3noma de Guerrero ha canalizado y orientado a miles de j\u00f3venes\u201d, hecho que dijo lo llena de orgullo.<br \/>\nAdem\u00e1s de agradecer al mundialista mexicano Juan de Dios Ram\u00edrez Perales y al hermano del \u2018brody\u2019 Campos, Miguel, por estar presentes en el evento, invitando a los jugadores \u00c1guilas que inician este viernes su \u2018vuelo\u2019 en la Tercera divisi\u00f3n, a poner m\u00e1ximo esfuerzo en aras de superar lo realizado en los dos torneos anteriores.<br \/>\nAntes de cerrar con la patada inicial, Salda\u00f1a Almaz\u00e1n anunci\u00f3 que Radio y Televisi\u00f3n de Guerrero (RTG) transmitir\u00e1 los partidos de manera oficial y la marca deportiva creada en la Universidad, UAGro Sport ser\u00e1 la que vestir\u00e1 desde ahora a deportistas de nuestra Alma Mater, \u201cbuscando con esto que el pueblo se identifique con nosotros y caminen en la misma ruta\u201d.<\/p>\n","protected":false},"excerpt":{"rendered":"<p>Continuando con el prop\u00f3sito de superar los logros en las pasadas dos temporadas, Javier Salda\u00f1a Almaz\u00e1n presento a la plantilla del equipo \u00c1guilas UAGro ante el arranque de la temporada&hellip; <\/p>\n","protected":false},"author":1,"featured_media":0,"comment_status":"closed","ping_status":"closed","sticky":false,"template":"","format":"standard","meta":{"fifu_image_url":"","fifu_image_alt":"","footnotes":""},"categories":[8,30],"tags":[],"class_list":["post-7968","post","type-post","status-publish","format-standard","hentry","category-featured","category-universidad"],"_links":{"self":[{"href":"https:\/\/www.interaccionnoticias.com.mx\/index.php?rest_route=\/wp\/v2\/posts\/7968","targetHints":{"allow":["GET"]}}],"collection":[{"href":"https:\/\/www.interaccionnoticias.com.mx\/index.php?rest_route=\/wp\/v2\/posts"}],"about":[{"href":"https:\/\/www.interaccionnoticias.com.mx\/index.php?rest_route=\/wp\/v2\/types\/post"}],"author":[{"embeddable":true,"href":"https:\/\/www.interaccionnoticias.com.mx\/index.php?rest_route=\/wp\/v2\/users\/1"}],"replies":[{"embeddable":true,"href":"https:\/\/www.interaccionnoticias.com.mx\/index.php?rest_route=%2Fwp%2Fv2%2Fcomments&post=7968"}],"version-history":[{"count":0,"href":"https:\/\/www.interaccionnoticias.com.mx\/index.php?rest_route=\/wp\/v2\/posts\/7968\/revisions"}],"wp:attachment":[{"href":"https:\/\/www.interaccionnoticias.com.mx\/index.php?rest_route=%2Fwp%2Fv2%2Fmedia&parent=7968"}],"wp:term":[{"taxonomy":"category","embeddable":true,"href":"https:\/\/www.interaccionnoticias.com.mx\/index.php?rest_route=%2Fwp%2Fv2%2Fcategories&post=7968"},{"taxonomy":"post_tag","embeddable":true,"href":"https:\/\/www.interaccionnoticias.com.mx\/index.php?rest_route=%2Fwp%2Fv2%2Ftags&post=7968"}],"curies":[{"name":"wp","href":"https:\/\/api.w.org\/{rel}","templated":true}]}}