{"id":7965,"date":"2017-09-13T00:08:36","date_gmt":"2017-09-13T05:08:36","guid":{"rendered":"http:\/\/www.inter-accion.com.mx\/?p=7965"},"modified":"2017-09-13T00:08:36","modified_gmt":"2017-09-13T05:08:36","slug":"tiene-fondo-politico-dice-el-alcalde-marco-antonio-leyva-mena-al-referirse-a-la-toma-del-ayuntamiento","status":"publish","type":"post","link":"https:\/\/www.interaccionnoticias.com.mx\/?p=7965","title":{"rendered":"Tiene fondo pol\u00edtico, dice el alcalde Marco Antonio Leyva Mena al referirse a la toma del ayuntamiento"},"content":{"rendered":"<p><strong>Dirigente sindical quiere ser regidor<\/strong><br \/>\nEl alcalde Marco Antonio Leyva Mena sostuvo que el movimiento que impulsan los trabajadores incorporados a la secci\u00f3n XIV del Sindicato Independiente&nbsp;&nbsp;tiene una motivaci\u00f3n pol\u00edtica, anticip\u00f3 la presentaci\u00f3n de denuncias penales y la interposici\u00f3n de actas administrativas.<br \/>\nEn su tradicional conferencia de los martes, que este 12 de septiembre se realiz\u00f3 fuera de las instalaciones del ayuntamiento capitalino, el jefe de cabildo neg\u00f3 que la suya sea una actitud represiva en contra de los trabajadores.<br \/>\nSin embargo destac\u00f3: \u201cLo que yo voy a hacer, es lo que el derecho me permite, hay una denuncia que yo voy a hacer por el ejercicio indebido del derecho y por privaci\u00f3n del edificio para que podamos nosotros laborar normalmente\u201d.<br \/>\nAgreg\u00f3: \u201cTambi\u00e9n se los digo de una manera muy clara, los trabajadores que falten a sus labores en el horario establecido, aproximadamente son 200, si ellos faltan, nosotros vamos a levantar las actas administrativas correspondientes\u201d.<br \/>\nEn consecuencia, pidi\u00f3 a los trabajadores que no lo culpen si de pronto se ven afectados administrativamente, pues de las sanciones que se configuren, la responsabilidad recaer\u00e1 en las personas que est\u00e1n \u201cmal dirigiendo\u201d a los empleados de base.<br \/>\n\u201cQue quede muy claro en ese tema, porque m\u00e1s vale una colorida que mil descoloridas despu\u00e9s. No es amenaza, es un refr\u00e1n popular\u201d.<br \/>\nTambi\u00e9n record\u00f3 que el \u00f3rgano que tiene el control de las condiciones generales del trabajo es la secci\u00f3n 28 del Sindicato Unico de Servidores P\u00fablicos del Estado de Guerrero (SUSPEG), ya que el sindicato independiente, de acuerdo con la valoraci\u00f3n del primer edil, no tiene m\u00e1s de 10 trabajadores basificados.<br \/>\nRespecto al posible fondo pol\u00edtico del movimiento, el alcalde coment\u00f3 que esa situaci\u00f3n es evidente, si se toma en cuenta que en la vida p\u00fablica nada es casual.<br \/>\n\u201cQuer\u00edan pago de cuotas y se los dimos, el asunto del bono del servidor p\u00fablico fue completado, lo relacionado con el ISSSPEG les planteamos una mesa de trabajo con la direcci\u00f3n del organismo, les resolvimos todo pero a\u00fan as\u00ed est\u00e1n en el paro\u201d, asever\u00f3.<br \/>\n\u201cEsto no es casualidad, est\u00e1 muy claro y debemos recordar que el dirigente sindical (Domingo Salgado) se anda promoviendo para ser regidor, por eso es que abandera supuestas causas que ya son trabajadas por las autoridades municipales\u201d, indic\u00f3 Marco Antonio Leyva Mena.<\/p>\n","protected":false},"excerpt":{"rendered":"<p>Dirigente sindical quiere ser regidor El alcalde Marco Antonio Leyva Mena sostuvo que el movimiento que impulsan los trabajadores incorporados a la secci\u00f3n XIV del Sindicato Independiente&nbsp;&nbsp;tiene una motivaci\u00f3n pol\u00edtica,&hellip; <\/p>\n","protected":false},"author":1,"featured_media":0,"comment_status":"closed","ping_status":"closed","sticky":false,"template":"","format":"standard","meta":{"fifu_image_url":"","fifu_image_alt":"","footnotes":""},"categories":[13,8],"tags":[],"class_list":["post-7965","post","type-post","status-publish","format-standard","hentry","category-capital","category-featured"],"_links":{"self":[{"href":"https:\/\/www.interaccionnoticias.com.mx\/index.php?rest_route=\/wp\/v2\/posts\/7965","targetHints":{"allow":["GET"]}}],"collection":[{"href":"https:\/\/www.interaccionnoticias.com.mx\/index.php?rest_route=\/wp\/v2\/posts"}],"about":[{"href":"https:\/\/www.interaccionnoticias.com.mx\/index.php?rest_route=\/wp\/v2\/types\/post"}],"author":[{"embeddable":true,"href":"https:\/\/www.interaccionnoticias.com.mx\/index.php?rest_route=\/wp\/v2\/users\/1"}],"replies":[{"embeddable":true,"href":"https:\/\/www.interaccionnoticias.com.mx\/index.php?rest_route=%2Fwp%2Fv2%2Fcomments&post=7965"}],"version-history":[{"count":0,"href":"https:\/\/www.interaccionnoticias.com.mx\/index.php?rest_route=\/wp\/v2\/posts\/7965\/revisions"}],"wp:attachment":[{"href":"https:\/\/www.interaccionnoticias.com.mx\/index.php?rest_route=%2Fwp%2Fv2%2Fmedia&parent=7965"}],"wp:term":[{"taxonomy":"category","embeddable":true,"href":"https:\/\/www.interaccionnoticias.com.mx\/index.php?rest_route=%2Fwp%2Fv2%2Fcategories&post=7965"},{"taxonomy":"post_tag","embeddable":true,"href":"https:\/\/www.interaccionnoticias.com.mx\/index.php?rest_route=%2Fwp%2Fv2%2Ftags&post=7965"}],"curies":[{"name":"wp","href":"https:\/\/api.w.org\/{rel}","templated":true}]}}