{"id":79625,"date":"2024-07-11T14:00:00","date_gmt":"2024-07-11T19:00:00","guid":{"rendered":"https:\/\/www.interaccionnoticias.com.mx\/?p=79625"},"modified":"2024-07-12T00:02:55","modified_gmt":"2024-07-12T05:02:55","slug":"reconocen-a-brigadistas-de-incendios-forestales-combatieron-153-siniestros-este-ano","status":"publish","type":"post","link":"https:\/\/www.interaccionnoticias.com.mx\/?p=79625","title":{"rendered":"Reconocen a brigadistas de incendios forestales, combatieron 153 siniestros este a\u00f1o"},"content":{"rendered":"\n<p><strong><em>&#8212; La zona Centro, Norte y Tierra Caliente fueron de las regiones afectadas<\/em><\/strong><\/p>\n\n\n\n<p><strong>Yasm\u00edn Garc\u00eda<\/strong><\/p>\n\n\n\n<p>Autoridades estatales y federales reconocieron el trabajo realizado por 970 brigadistas que participaron en el combate a 153 incendios forestales en Guerrero durante la temporada de estiaje 2024.<\/p>\n\n\n\n<p>El evento se realiz\u00f3 en las instalaciones del Zool\u00f3gico de Chilpancingo, fue encabezado por Roberto Arroyo Matus y \u00c1ngel Almaz\u00e1n Ju\u00e1rez, titulares de la Secretar\u00eda de Gesti\u00f3n Integral de Riesgos y Protecci\u00f3n Civil, asi como de la Secretar\u00eda del Medio Ambiente, respectivamente (SEMAREN).<\/p>\n\n\n\n<p>Este a\u00f1o, se se\u00f1al\u00f3 que hubo una afectaci\u00f3n superior a las 206 mil hect\u00e1reas, cantidad que super\u00f3 el saldo de 2023.<\/p>\n\n\n\n<p>Mencion\u00f3 que en esta temporada de incendios, la zona Centro, Norte y Tierra Caliente de la entidad, fueron de las m\u00e1s afectadas.<\/p>\n\n\n\n<p>\u00abSe trat\u00f3 de una cifra superior que la que se present\u00f3 el a\u00f1o pasado aunque por otra parte destac\u00f3 la p\u00e9rdida de vegetaci\u00f3n y fauna en estos siniestros\u00bb, indic\u00f3 el funcionario.<\/p>\n\n\n\n<p>Ademas de los titulares de Protecci\u00f3n Civil y SEMAREN, al evento acudieron mandos de la 35 Zona Miltar, ya que tambi\u00e9n hubo perosonal de la SEDENA colaborando en el combate a los incendios.<\/p>\n\n\n\n<p>En la ceremonia se destac\u00f3 que este a\u00f1o hubo dos personas detenidas, a las que se sorprendi\u00f3 cuando provocaban un siniestro en el Parque Eologco de El Veladero.<\/p>\n\n\n\n<p>En el evento se dio a conocer que se establecer\u00eda en convenio para que los brigadistas pudieran recibiren materiade su salud, principalmente de la vista, que se ve afectada severamente por el humo provocado durante los incendios.<\/p>\n","protected":false},"excerpt":{"rendered":"<p>&#8212; La zona Centro, Norte y Tierra Caliente fueron de las regiones afectadas Yasm\u00edn Garc\u00eda Autoridades estatales y federales reconocieron el trabajo realizado por 970 brigadistas que participaron en el&hellip; <\/p>\n","protected":false},"author":32,"featured_media":79626,"comment_status":"open","ping_status":"open","sticky":false,"template":"","format":"standard","meta":{"fifu_image_url":"","fifu_image_alt":"","footnotes":""},"categories":[11],"tags":[],"class_list":["post-79625","post","type-post","status-publish","format-standard","has-post-thumbnail","hentry","category-guerrero"],"_links":{"self":[{"href":"https:\/\/www.interaccionnoticias.com.mx\/index.php?rest_route=\/wp\/v2\/posts\/79625","targetHints":{"allow":["GET"]}}],"collection":[{"href":"https:\/\/www.interaccionnoticias.com.mx\/index.php?rest_route=\/wp\/v2\/posts"}],"about":[{"href":"https:\/\/www.interaccionnoticias.com.mx\/index.php?rest_route=\/wp\/v2\/types\/post"}],"author":[{"embeddable":true,"href":"https:\/\/www.interaccionnoticias.com.mx\/index.php?rest_route=\/wp\/v2\/users\/32"}],"replies":[{"embeddable":true,"href":"https:\/\/www.interaccionnoticias.com.mx\/index.php?rest_route=%2Fwp%2Fv2%2Fcomments&post=79625"}],"version-history":[{"count":1,"href":"https:\/\/www.interaccionnoticias.com.mx\/index.php?rest_route=\/wp\/v2\/posts\/79625\/revisions"}],"predecessor-version":[{"id":79627,"href":"https:\/\/www.interaccionnoticias.com.mx\/index.php?rest_route=\/wp\/v2\/posts\/79625\/revisions\/79627"}],"wp:featuredmedia":[{"embeddable":true,"href":"https:\/\/www.interaccionnoticias.com.mx\/index.php?rest_route=\/wp\/v2\/media\/79626"}],"wp:attachment":[{"href":"https:\/\/www.interaccionnoticias.com.mx\/index.php?rest_route=%2Fwp%2Fv2%2Fmedia&parent=79625"}],"wp:term":[{"taxonomy":"category","embeddable":true,"href":"https:\/\/www.interaccionnoticias.com.mx\/index.php?rest_route=%2Fwp%2Fv2%2Fcategories&post=79625"},{"taxonomy":"post_tag","embeddable":true,"href":"https:\/\/www.interaccionnoticias.com.mx\/index.php?rest_route=%2Fwp%2Fv2%2Ftags&post=79625"}],"curies":[{"name":"wp","href":"https:\/\/api.w.org\/{rel}","templated":true}]}}