{"id":79595,"date":"2024-07-10T15:20:28","date_gmt":"2024-07-10T20:20:28","guid":{"rendered":"https:\/\/www.interaccionnoticias.com.mx\/?p=79595"},"modified":"2024-07-10T15:20:29","modified_gmt":"2024-07-10T20:20:29","slug":"fpfv-exige-justicia-por-el-asesinato-de-salvadora-chavez-mujer-indigena-asesinada-en-el-2019","status":"publish","type":"post","link":"https:\/\/www.interaccionnoticias.com.mx\/?p=79595","title":{"rendered":"FPFV exige justicia por el asesinato de Salvadora Ch\u00e1vez, mujer ind\u00edgena asesinada en el 2019"},"content":{"rendered":"\n<p><strong><em>&#8212; Salvadora fue asesinada en una emboscada, cuando regresaba de ratificar su declaraci\u00f3n en Chilapa, tras el asesinato de su esposo<\/em><\/strong><\/p>\n\n\n\n<p><strong>Yasm\u00edn Garc\u00eda<\/strong><\/p>\n\n\n\n<p>El Frente Popular Francisco Villa Siglo 21 (FPFV) y el Frente de Defensa Popular (FDP) exigieron justicia por el asesinato de Salvadora Ch\u00e1vez Rend\u00f3n, mujer ind\u00edgena asesinada el 10 de julio del a\u00f1o 2019 por exigir justicia ante el asesinato de su esposo, Adulfo Esteban Arcadio y cinco personas m\u00e1s, en un ataque armado en la comisar\u00eda de San Jer\u00f3nimo Palantla, municipio de Chilapa en el a\u00f1o 2015.<\/p>\n\n\n\n<p>La Coordinadora Regional del FDP, Clemencia Guevara Tejedor recrimin\u00f3 al gobierno del estado no garantizar la justicia, ya que a cinco a\u00f1os del asesinato, ninguno de los responsables est\u00e1 preso, a pesar de que han se\u00f1alado a los integrantes de la Coordinadora Regional de Autoridades Comunitarias-Pueblos Fundadores (CRAC-PF) de ser los responsables.<\/p>\n\n\n\n<p>Mencion\u00f3 que Salvadora fue una mujer ind\u00edgena marginada, que su \u00fanico delito fue exigir justicia por el asesinato de su esposo.<\/p>\n\n\n\n<p>\u201cSalvadora fue una mujer ind\u00edgena doblemente o triplemente marginada desde el 2015 lucho y defendi\u00f3 los derechos de su esposo ya que \u00e9l fue asesinado el 8 de febrero del 2015 estando presentes varios compa\u00f1eros que est\u00e1n aqu\u00ed reunidos en la comisar\u00eda por la CRAC-PF desde esa fecha la comunidad (San Jer\u00f3nimo Palantla) viene sufriendo esos maltratos\u201d, lament\u00f3.<\/p>\n\n\n\n<p>Ch\u00e1vez Rend\u00f3n fue asesinada a balazos en una emboscada cuando regresaba de ratificar su declaraci\u00f3n en el Ministerio Publico de Chilapa, junto a otros habitantes de San Jer\u00f3nimo Palantla, en donde se\u00f1alaron a la CRAC-PF del ataque armado en la comisar\u00eda.<\/p>\n\n\n\n<p>Las organizaciones colocaron una ofrenda floral en las escalinatas de palacio de gobierno en donde colocaron fotograf\u00edas de Salvadora Ch\u00e1vez Rend\u00f3n y veladoras como exigencia de justicia.<\/p>\n\n\n\n<p>Clemencia Guevara exigi\u00f3 a las autoridades ejecutar las 69 \u00f3rdenes de aprensi\u00f3n que existen en contra de la CRAC-PF.<\/p>\n","protected":false},"excerpt":{"rendered":"<p>&#8212; Salvadora fue asesinada en una emboscada, cuando regresaba de ratificar su declaraci\u00f3n en Chilapa, tras el asesinato de su esposo Yasm\u00edn Garc\u00eda El Frente Popular Francisco Villa Siglo 21&hellip; <\/p>\n","protected":false},"author":32,"featured_media":79596,"comment_status":"open","ping_status":"open","sticky":false,"template":"","format":"standard","meta":{"fifu_image_url":"","fifu_image_alt":"","footnotes":""},"categories":[15],"tags":[],"class_list":["post-79595","post","type-post","status-publish","format-standard","has-post-thumbnail","hentry","category-movimientos-sociales"],"_links":{"self":[{"href":"https:\/\/www.interaccionnoticias.com.mx\/index.php?rest_route=\/wp\/v2\/posts\/79595","targetHints":{"allow":["GET"]}}],"collection":[{"href":"https:\/\/www.interaccionnoticias.com.mx\/index.php?rest_route=\/wp\/v2\/posts"}],"about":[{"href":"https:\/\/www.interaccionnoticias.com.mx\/index.php?rest_route=\/wp\/v2\/types\/post"}],"author":[{"embeddable":true,"href":"https:\/\/www.interaccionnoticias.com.mx\/index.php?rest_route=\/wp\/v2\/users\/32"}],"replies":[{"embeddable":true,"href":"https:\/\/www.interaccionnoticias.com.mx\/index.php?rest_route=%2Fwp%2Fv2%2Fcomments&post=79595"}],"version-history":[{"count":1,"href":"https:\/\/www.interaccionnoticias.com.mx\/index.php?rest_route=\/wp\/v2\/posts\/79595\/revisions"}],"predecessor-version":[{"id":79597,"href":"https:\/\/www.interaccionnoticias.com.mx\/index.php?rest_route=\/wp\/v2\/posts\/79595\/revisions\/79597"}],"wp:featuredmedia":[{"embeddable":true,"href":"https:\/\/www.interaccionnoticias.com.mx\/index.php?rest_route=\/wp\/v2\/media\/79596"}],"wp:attachment":[{"href":"https:\/\/www.interaccionnoticias.com.mx\/index.php?rest_route=%2Fwp%2Fv2%2Fmedia&parent=79595"}],"wp:term":[{"taxonomy":"category","embeddable":true,"href":"https:\/\/www.interaccionnoticias.com.mx\/index.php?rest_route=%2Fwp%2Fv2%2Fcategories&post=79595"},{"taxonomy":"post_tag","embeddable":true,"href":"https:\/\/www.interaccionnoticias.com.mx\/index.php?rest_route=%2Fwp%2Fv2%2Ftags&post=79595"}],"curies":[{"name":"wp","href":"https:\/\/api.w.org\/{rel}","templated":true}]}}