{"id":79592,"date":"2024-07-10T15:08:02","date_gmt":"2024-07-10T20:08:02","guid":{"rendered":"https:\/\/www.interaccionnoticias.com.mx\/?p=79592"},"modified":"2024-07-10T15:08:05","modified_gmt":"2024-07-10T20:08:05","slug":"stich-se-convierte-en-el-primer-caso-de-maltrato-animal-que-es-sancionado-por-la-ley-en-guerrero","status":"publish","type":"post","link":"https:\/\/www.interaccionnoticias.com.mx\/?p=79592","title":{"rendered":"Stich se convierte en el primer caso de maltrato animal que es sancionado por la ley, en Guerrero"},"content":{"rendered":"\n<p><strong><em>&#8212; Responsable acepta su culpa, estar\u00e1 4 meses en prisi\u00f3n<br>&#8212; Antes hubo casos similares en Estado de M\u00e9xico y Quer\u00e9taro<\/em><\/strong><\/p>\n\n\n\n<p><strong>Jes\u00fas Dorantes<\/strong><\/p>\n\n\n\n<p><strong>Chilpancingo, Gro.- <\/strong>Este mi\u00e9rcoles se confirm\u00f3 la primera sentencia en la historia del estado de Guerrero derivada del maltrato doloso en contra de un canino, Francisco \u201cN\u201d, agresor del perro Stitch acept\u00f3 su culpa y cumplir\u00e1 una pena de 4 meses de prisi\u00f3n.<\/p>\n\n\n\n<p>La jornada del mi\u00e9rcoles 10 de julio, en una audiencia de proceso abreviado, en la Ciudad Judicial en Chilpancingo, el imputado Francisco \u201cN\u201d acept\u00f3 su culpa, luego de ser acusado de maltratar al perro Stitch y causarle heridas que le provocaron la muerte.<\/p>\n\n\n\n<p>Las autoridades determinaron una sanci\u00f3n de 4 meses de prisi\u00f3n y 350 Unidades de Medida y Actualizaci\u00f3n (UMA), que equivalen a 52 mil pesos, luego de m\u00e1s de un a\u00f1o de que ocurrieran los hechos.<\/p>\n\n\n\n<p>La sanci\u00f3n se convertir\u00eda en el tercer caso a nivel nacional, en el que los responsables del maltrato animal son llevados ante la ley, los casos anteriores se registraron en Quer\u00e9taro y el Estado de M\u00e9xico.<\/p>\n\n\n\n<p>En el caso de Stich, se se\u00f1ala que los hechos ocurrieron en la colonia Lomas del Poniente de la capital, el pasado 28 de abril de 2023, los vecinos denunciaron el maltrato que recibi\u00f3 Stich por parte de los propietarios de una panader\u00eda, tras acusarlo de robar un pan y posteriormente cambiaron la versi\u00f3n.<\/p>\n\n\n\n<p>La informaci\u00f3n fue dada por Jos\u00e9 Sa\u00fal Gante Carballido, quien es el asesor legal de la parte que promovi\u00f3 la denuncia.<\/p>\n","protected":false},"excerpt":{"rendered":"<p>&#8212; Responsable acepta su culpa, estar\u00e1 4 meses en prisi\u00f3n&#8212; Antes hubo casos similares en Estado de M\u00e9xico y Quer\u00e9taro Jes\u00fas Dorantes Chilpancingo, Gro.- Este mi\u00e9rcoles se confirm\u00f3 la primera&hellip; <\/p>\n","protected":false},"author":8,"featured_media":79593,"comment_status":"open","ping_status":"open","sticky":false,"template":"","format":"standard","meta":{"fifu_image_url":"","fifu_image_alt":"","footnotes":""},"categories":[29],"tags":[],"class_list":["post-79592","post","type-post","status-publish","format-standard","has-post-thumbnail","hentry","category-sociedad"],"_links":{"self":[{"href":"https:\/\/www.interaccionnoticias.com.mx\/index.php?rest_route=\/wp\/v2\/posts\/79592","targetHints":{"allow":["GET"]}}],"collection":[{"href":"https:\/\/www.interaccionnoticias.com.mx\/index.php?rest_route=\/wp\/v2\/posts"}],"about":[{"href":"https:\/\/www.interaccionnoticias.com.mx\/index.php?rest_route=\/wp\/v2\/types\/post"}],"author":[{"embeddable":true,"href":"https:\/\/www.interaccionnoticias.com.mx\/index.php?rest_route=\/wp\/v2\/users\/8"}],"replies":[{"embeddable":true,"href":"https:\/\/www.interaccionnoticias.com.mx\/index.php?rest_route=%2Fwp%2Fv2%2Fcomments&post=79592"}],"version-history":[{"count":1,"href":"https:\/\/www.interaccionnoticias.com.mx\/index.php?rest_route=\/wp\/v2\/posts\/79592\/revisions"}],"predecessor-version":[{"id":79594,"href":"https:\/\/www.interaccionnoticias.com.mx\/index.php?rest_route=\/wp\/v2\/posts\/79592\/revisions\/79594"}],"wp:featuredmedia":[{"embeddable":true,"href":"https:\/\/www.interaccionnoticias.com.mx\/index.php?rest_route=\/wp\/v2\/media\/79593"}],"wp:attachment":[{"href":"https:\/\/www.interaccionnoticias.com.mx\/index.php?rest_route=%2Fwp%2Fv2%2Fmedia&parent=79592"}],"wp:term":[{"taxonomy":"category","embeddable":true,"href":"https:\/\/www.interaccionnoticias.com.mx\/index.php?rest_route=%2Fwp%2Fv2%2Fcategories&post=79592"},{"taxonomy":"post_tag","embeddable":true,"href":"https:\/\/www.interaccionnoticias.com.mx\/index.php?rest_route=%2Fwp%2Fv2%2Ftags&post=79592"}],"curies":[{"name":"wp","href":"https:\/\/api.w.org\/{rel}","templated":true}]}}