{"id":79510,"date":"2024-07-08T13:10:46","date_gmt":"2024-07-08T18:10:46","guid":{"rendered":"https:\/\/www.interaccionnoticias.com.mx\/?p=79510"},"modified":"2024-07-08T13:10:47","modified_gmt":"2024-07-08T18:10:47","slug":"comerciantes-de-temporada-registran-bajas-ventas","status":"publish","type":"post","link":"https:\/\/www.interaccionnoticias.com.mx\/?p=79510","title":{"rendered":"Comerciantes de temporada registran bajas ventas"},"content":{"rendered":"\n<p><strong><em>&#8212; Florencia Guerrero Salgado, comerciante de temporada atribuy\u00f3 las bajas ventas a las tiendas comerciales, ya que otorgan tarjetas o cr\u00e9ditos a la poblaci\u00f3n para poder comprar productos<\/em><\/strong><\/p>\n\n\n\n<p><strong>Yasm\u00edn Garc\u00eda<\/strong><\/p>\n\n\n\n<p>Comerciantes de temporada que se instalan en la plazoleta Benito Ju\u00e1rez en Chilpancingo, tienen bajas ventas en esta temporada de clausuras del ciclo escolar 2023-2024.<\/p>\n\n\n\n<p>Son 14 comerciantes que se instalan en la plazoleta desde hace 12 a\u00f1os cada temporada como el D\u00eda de Muertos, Navidad y A\u00f1o Nuevo, D\u00eda de los Reyes Magos y el D\u00eda del Amor y la Amistad ofertan su mercanc\u00eda.<\/p>\n\n\n\n<p>Florencia Guerrero Salgado, comerciante de temporada atribuy\u00f3 las bajas ventas a las tiendas comerciales ya que otorgan tarjetas o cr\u00e9ditos a la poblaci\u00f3n para poder comprar productos.<\/p>\n\n\n\n<p>Tambi\u00e9n consider\u00f3 que la tradici\u00f3n de regalar un ramo artificial en clausuras ha ido en decadencia ya que en la actualidad prefieren regalar peluches, mochilas o balones de f\u00fatbol, por lo que han tenido que innovar.<\/p>\n\n\n\n<p>\u00abAhora a los ramos les ponemos peluches adentro o la mochila, hemos tenido que ir innovando para poder vender nuestra mercanc\u00eda\u00bb, relat\u00f3 Florencia.<\/p>\n\n\n\n<p>Los comerciantes se instalaron el 15 de junio y estar\u00e1n hasta el 15 de julio en la plazoleta Benito Ju\u00e1rez.<\/p>\n","protected":false},"excerpt":{"rendered":"<p>&#8212; Florencia Guerrero Salgado, comerciante de temporada atribuy\u00f3 las bajas ventas a las tiendas comerciales, ya que otorgan tarjetas o cr\u00e9ditos a la poblaci\u00f3n para poder comprar productos Yasm\u00edn Garc\u00eda&hellip; <\/p>\n","protected":false},"author":32,"featured_media":79511,"comment_status":"open","ping_status":"open","sticky":false,"template":"","format":"standard","meta":{"fifu_image_url":"","fifu_image_alt":"","footnotes":""},"categories":[13],"tags":[],"class_list":["post-79510","post","type-post","status-publish","format-standard","has-post-thumbnail","hentry","category-capital"],"_links":{"self":[{"href":"https:\/\/www.interaccionnoticias.com.mx\/index.php?rest_route=\/wp\/v2\/posts\/79510","targetHints":{"allow":["GET"]}}],"collection":[{"href":"https:\/\/www.interaccionnoticias.com.mx\/index.php?rest_route=\/wp\/v2\/posts"}],"about":[{"href":"https:\/\/www.interaccionnoticias.com.mx\/index.php?rest_route=\/wp\/v2\/types\/post"}],"author":[{"embeddable":true,"href":"https:\/\/www.interaccionnoticias.com.mx\/index.php?rest_route=\/wp\/v2\/users\/32"}],"replies":[{"embeddable":true,"href":"https:\/\/www.interaccionnoticias.com.mx\/index.php?rest_route=%2Fwp%2Fv2%2Fcomments&post=79510"}],"version-history":[{"count":1,"href":"https:\/\/www.interaccionnoticias.com.mx\/index.php?rest_route=\/wp\/v2\/posts\/79510\/revisions"}],"predecessor-version":[{"id":79512,"href":"https:\/\/www.interaccionnoticias.com.mx\/index.php?rest_route=\/wp\/v2\/posts\/79510\/revisions\/79512"}],"wp:featuredmedia":[{"embeddable":true,"href":"https:\/\/www.interaccionnoticias.com.mx\/index.php?rest_route=\/wp\/v2\/media\/79511"}],"wp:attachment":[{"href":"https:\/\/www.interaccionnoticias.com.mx\/index.php?rest_route=%2Fwp%2Fv2%2Fmedia&parent=79510"}],"wp:term":[{"taxonomy":"category","embeddable":true,"href":"https:\/\/www.interaccionnoticias.com.mx\/index.php?rest_route=%2Fwp%2Fv2%2Fcategories&post=79510"},{"taxonomy":"post_tag","embeddable":true,"href":"https:\/\/www.interaccionnoticias.com.mx\/index.php?rest_route=%2Fwp%2Fv2%2Ftags&post=79510"}],"curies":[{"name":"wp","href":"https:\/\/api.w.org\/{rel}","templated":true}]}}