{"id":7951,"date":"2017-09-11T19:22:00","date_gmt":"2017-09-12T00:22:00","guid":{"rendered":"http:\/\/www.inter-accion.com.mx\/?p=7951"},"modified":"2017-09-11T19:22:00","modified_gmt":"2017-09-12T00:22:00","slug":"padres-de-los-43-bloquearon-la-carretera-tlapa-chilpancingo","status":"publish","type":"post","link":"https:\/\/www.interaccionnoticias.com.mx\/?p=7951","title":{"rendered":"Padres de los 43 bloquearon la carretera Tlapa-Chilpancingo"},"content":{"rendered":"<p><strong>En la&nbsp;regi\u00f3n Monta\u00f1a&nbsp;<\/strong><br \/>\nPadres de los 43 normalistas desaparecidos de la normal de Ayotzinapa, e integrantes del Consejo de Comunidades Damnificados de la Monta\u00f1a bloquearon la carretera federal Chilpancingo-Puebla, en el municipio de Tlapa, como parte de la jornada nacional de lucha \u201cescucha mi voz 43\u201d.<br \/>\nEl bloqueo inici\u00f3 alrededor de las 11 de la ma\u00f1ana en dos puntos de la carretera, bloqueando as\u00ed las salidas hacia el estado de Puebla, y hacia el municipio de Chilapa, en donde los manifestantes exigieron la presentaci\u00f3n con vida de los 43 estudiantes desaparecidos en Iguala, y la entrega de 3 paquetes de granos b\u00e1sicos a campesinos.<br \/>\nDurante un mitin que se prolong\u00f3 por espacio de una hora, en representaci\u00f3n de los padres de los 43, Melit\u00f3n Ortega se\u00f1al\u00f3 que a tres a\u00f1os de la desaparici\u00f3n de los normalistas, &nbsp;el gobierno federal no ha mostrado avances significativos en la investigaci\u00f3n para encontrar a los j\u00f3venes.<br \/>\nSe\u00f1al\u00f3 que como movimiento para encontrar a sus hijos, han recibido cr\u00edticas de parte de sectores sociales, como que \u201cya se vendieron, para qu\u00e9 siguen buscando si ya se murieron, por qu\u00e9 siguen bloqueando carreteras o haciendo m\u00edtines de protesta\u201d, las cuales dijo, son voces que tiene origen en el sistema pol\u00edtico del pa\u00eds para descalificar las acciones de los padres de los 43, de la normal de Ayotzinapa, y maestros de la Coordinadora Nacional de Trabajadores de la Educaci\u00f3n (CNTE).<br \/>\n\u201cQueremos a nuestros hijos, por el amor que les tenemos a ellos, por eso seguimos en la lucha. Queremos decirles que no nos vamos a arrodillar ante el sistema del r\u00e9gimen opresor, ante los pol\u00edticos y ante la PGR, seguiremos en las calles exigiendo justicia. Si hoy venimos aqu\u00ed es para informar que los padres seguimos en pie con la firmeza de cuando iniciamos, &nbsp;exigiendo el regreso de los estudiantes de la normal. Venimos a dar el mensaje que no habr\u00e1 olvido ni perd\u00f3n, pedimos a los pueblos que sigan luchando\u201d, expres\u00f3.<br \/>\nDijo que una de las principales l\u00edneas de investigaci\u00f3n que han demandado, y que la Procuradur\u00eda General de la Rep\u00fablica se ha negado a profundizar, es la presunta participaci\u00f3n del Ej\u00e9rcito en los hechos de la noche y madrugada del 26 y 27 de septiembre de 2014, cuando desaparecieron a los 43 normalistas, y tres m\u00e1s fueron asesinados.<br \/>\nArgument\u00f3 que el Ej\u00e9rcito concentr\u00f3 todas las evidencias, y reproch\u00f3 que durante los hechos solo funcionaron 6 de las 25 c\u00e1maras de seguridad que estaban colocadas en Iguala.<br \/>\n\u201cSeguimos exigiendo a la PGR que investigue al Ej\u00e9rcito de Iguala, porque ellos concentraron todas las evidencias, resulta que de 25 c\u00e1maras de seguridad en Iguala, solo funcionaron 6 en la noche de los hechos y lo que se grab\u00f3 en las c\u00e1maras que no se puede ver, que las im\u00e1genes son borrosas\u201d, critic\u00f3. &nbsp;<br \/>\nPor su parte, el director del Centro de Derechos Humanos de la Monta\u00f1a Tlalchinollan, Abel Barrera Hern\u00e1ndez, se\u00f1al\u00f3 que otra de las demandas del bloqueo, es la de los integrantes del Consejo de Damnificados de la Monta\u00f1a, quienes este d\u00eda emplazaron al gobierno del estado a que entregue paquetes de granos b\u00e1sicos que est\u00e1n pendientes desde hace 3 meses.<br \/>\n\u201cHoy se entreg\u00f3 un calendario para la supuesta entrega de granos b\u00e1sicos y &nbsp;vemos que la calendarizaci\u00f3n no es real, documentamos que muchos pueblos no aparecen y no est\u00e1n las fechas programados para la entrega\u201d, dijo.<br \/>\nIndic\u00f3 que otra de las demandas es la de maestros de la zona monta\u00f1a, quienes exigen mesas de di\u00e1logo con el gobierno del estado para resolver demandas educativas como dotaciones de butacas, construcci\u00f3n y rehabilitaci\u00f3n de aulas de clases, centros de c\u00f3mputo, y &nbsp;comedores escolares, \u201c es decir, lo b\u00e1sico que traer\u00eda la reforma&nbsp;<\/p>\n","protected":false},"excerpt":{"rendered":"<p>En la&nbsp;regi\u00f3n Monta\u00f1a&nbsp; Padres de los 43 normalistas desaparecidos de la normal de Ayotzinapa, e integrantes del Consejo de Comunidades Damnificados de la Monta\u00f1a bloquearon la carretera federal Chilpancingo-Puebla, en&hellip; <\/p>\n","protected":false},"author":1,"featured_media":0,"comment_status":"closed","ping_status":"closed","sticky":false,"template":"","format":"standard","meta":{"fifu_image_url":"","fifu_image_alt":"","footnotes":""},"categories":[8,15],"tags":[],"class_list":["post-7951","post","type-post","status-publish","format-standard","hentry","category-featured","category-movimientos-sociales"],"_links":{"self":[{"href":"https:\/\/www.interaccionnoticias.com.mx\/index.php?rest_route=\/wp\/v2\/posts\/7951","targetHints":{"allow":["GET"]}}],"collection":[{"href":"https:\/\/www.interaccionnoticias.com.mx\/index.php?rest_route=\/wp\/v2\/posts"}],"about":[{"href":"https:\/\/www.interaccionnoticias.com.mx\/index.php?rest_route=\/wp\/v2\/types\/post"}],"author":[{"embeddable":true,"href":"https:\/\/www.interaccionnoticias.com.mx\/index.php?rest_route=\/wp\/v2\/users\/1"}],"replies":[{"embeddable":true,"href":"https:\/\/www.interaccionnoticias.com.mx\/index.php?rest_route=%2Fwp%2Fv2%2Fcomments&post=7951"}],"version-history":[{"count":0,"href":"https:\/\/www.interaccionnoticias.com.mx\/index.php?rest_route=\/wp\/v2\/posts\/7951\/revisions"}],"wp:attachment":[{"href":"https:\/\/www.interaccionnoticias.com.mx\/index.php?rest_route=%2Fwp%2Fv2%2Fmedia&parent=7951"}],"wp:term":[{"taxonomy":"category","embeddable":true,"href":"https:\/\/www.interaccionnoticias.com.mx\/index.php?rest_route=%2Fwp%2Fv2%2Fcategories&post=7951"},{"taxonomy":"post_tag","embeddable":true,"href":"https:\/\/www.interaccionnoticias.com.mx\/index.php?rest_route=%2Fwp%2Fv2%2Ftags&post=7951"}],"curies":[{"name":"wp","href":"https:\/\/api.w.org\/{rel}","templated":true}]}}