{"id":79490,"date":"2024-07-07T21:27:59","date_gmt":"2024-07-08T02:27:59","guid":{"rendered":"https:\/\/www.interaccionnoticias.com.mx\/?p=79490"},"modified":"2024-07-07T21:28:01","modified_gmt":"2024-07-08T02:28:01","slug":"limpiando-un-pozo-mueren-tres-en-coyuca-de-benitez","status":"publish","type":"post","link":"https:\/\/www.interaccionnoticias.com.mx\/?p=79490","title":{"rendered":"Limpiando un pozo, mueren tres en Coyuca de Ben\u00edtez"},"content":{"rendered":"\n<p><strong><em>&#8212; Eran padre, y sus dos hijos, uno de ellos menor de edad<br>&#8212; Cayeron en un pozo artesiano a 20 metros de profundidad<\/em><\/strong><\/p>\n\n\n\n<p><strong>Javier Trujillo<\/strong><\/p>\n\n\n\n<p><strong>Acapulco, Gro. \u2013<\/strong> En la comunidad de El Embarcadero, municipio de Coyuca de Ben\u00edtez, regi\u00f3n de la Costa Grande de Guerrero, el padre y dos de sus hijos, fallecieron al caer a un pozo artesiano.<\/p>\n\n\n\n<p>De acuerdo con sus familiares, un hombre de 62 a\u00f1os de edad, identificado como C\u00e9sar de Jes\u00fas Pineda, y sus hijos Jes\u00fas Pineda y el adolescente Josu\u00e9 Yair, estaban limpiando un pozo de agua y cayeron.<\/p>\n\n\n\n<p>De acuerdo con el testimonio, se indica que los tres hombres, cayeron a una profundidad de aproximadamente 20 metros y perdieron la vida, versi\u00f3n que dio la esposa y madre de las v\u00edctimas.<\/p>\n\n\n\n<p>Se detalla que los hechos ocurrieron en la citada comunidad del municipio costero, y las tres v\u00edctimas murieron ahogados-<\/p>\n\n\n\n<p>M\u00e1s tarde lleg\u00f3 el Ministerio P\u00fablico, del sector de Coyuca de Ben\u00edtez, encontr\u00f3 que estaban sin vida los tres cuerpos en la localidad de El Embarcadero, mismos que hab\u00edan sido sacados del pozo por sus familiares.<\/p>\n\n\n\n<p>Personal de la fiscal\u00eda General del Estado, inici\u00f3 una carpeta de investigaci\u00f3n por el delito de muerte no constitutiva de delito.<\/p>\n\n\n\n<p>Los cad\u00e1veres de los tres accidentados, fueron levantados y trasladados por personal del Servicio M\u00e9dico Forense (SEMEFO), donde les realizaron la necropsia de Ley, para despu\u00e9s entregar los cuerpos.<\/p>\n","protected":false},"excerpt":{"rendered":"<p>&#8212; Eran padre, y sus dos hijos, uno de ellos menor de edad&#8212; Cayeron en un pozo artesiano a 20 metros de profundidad Javier Trujillo Acapulco, Gro. \u2013 En la&hellip; <\/p>\n","protected":false},"author":3,"featured_media":79491,"comment_status":"open","ping_status":"open","sticky":false,"template":"","format":"standard","meta":{"fifu_image_url":"","fifu_image_alt":"","footnotes":""},"categories":[27],"tags":[],"class_list":["post-79490","post","type-post","status-publish","format-standard","has-post-thumbnail","hentry","category-seguridad-publica"],"_links":{"self":[{"href":"https:\/\/www.interaccionnoticias.com.mx\/index.php?rest_route=\/wp\/v2\/posts\/79490","targetHints":{"allow":["GET"]}}],"collection":[{"href":"https:\/\/www.interaccionnoticias.com.mx\/index.php?rest_route=\/wp\/v2\/posts"}],"about":[{"href":"https:\/\/www.interaccionnoticias.com.mx\/index.php?rest_route=\/wp\/v2\/types\/post"}],"author":[{"embeddable":true,"href":"https:\/\/www.interaccionnoticias.com.mx\/index.php?rest_route=\/wp\/v2\/users\/3"}],"replies":[{"embeddable":true,"href":"https:\/\/www.interaccionnoticias.com.mx\/index.php?rest_route=%2Fwp%2Fv2%2Fcomments&post=79490"}],"version-history":[{"count":1,"href":"https:\/\/www.interaccionnoticias.com.mx\/index.php?rest_route=\/wp\/v2\/posts\/79490\/revisions"}],"predecessor-version":[{"id":79492,"href":"https:\/\/www.interaccionnoticias.com.mx\/index.php?rest_route=\/wp\/v2\/posts\/79490\/revisions\/79492"}],"wp:featuredmedia":[{"embeddable":true,"href":"https:\/\/www.interaccionnoticias.com.mx\/index.php?rest_route=\/wp\/v2\/media\/79491"}],"wp:attachment":[{"href":"https:\/\/www.interaccionnoticias.com.mx\/index.php?rest_route=%2Fwp%2Fv2%2Fmedia&parent=79490"}],"wp:term":[{"taxonomy":"category","embeddable":true,"href":"https:\/\/www.interaccionnoticias.com.mx\/index.php?rest_route=%2Fwp%2Fv2%2Fcategories&post=79490"},{"taxonomy":"post_tag","embeddable":true,"href":"https:\/\/www.interaccionnoticias.com.mx\/index.php?rest_route=%2Fwp%2Fv2%2Ftags&post=79490"}],"curies":[{"name":"wp","href":"https:\/\/api.w.org\/{rel}","templated":true}]}}