{"id":79483,"date":"2024-07-07T21:05:55","date_gmt":"2024-07-08T02:05:55","guid":{"rendered":"https:\/\/www.interaccionnoticias.com.mx\/?p=79483"},"modified":"2024-07-07T21:19:55","modified_gmt":"2024-07-08T02:19:55","slug":"rayo-impacta-una-torre-de-la-iglesia-de-santa-prisca-en-taxco","status":"publish","type":"post","link":"https:\/\/www.interaccionnoticias.com.mx\/?p=79483","title":{"rendered":"Rayo impacta una torre de la iglesia de Santa Prisca, en Taxco"},"content":{"rendered":"\n<p><strong><em>&#8212; Las im\u00e1genes las dio a conocer el senador F\u00e9lix Salgado en su p\u00e1gina de Facebook<br>&#8212; Se espera informaci\u00f3n de Protecci\u00f3n Civil<\/em><\/strong><\/p>\n\n\n\n<p><strong>Rogelio Agust\u00edn<\/strong><\/p>\n\n\n\n<p>Un rayo impact\u00f3 en una de las torres de la catedral de Santa Prisca, sin que se registraran afectaciones mayores.<\/p>\n\n\n\n<p>El hecho fue difundido por el senador por MORENA F\u00e9lix Salgado Macedonio en su p\u00e1gina de Facebok, sin que especificara si las im\u00e1genes fueron tomadas por \u00e9l o le facilitaron el video de apenas 17 segundos.<\/p>\n\n\n\n<p>Las im\u00e1genes consisten en un paneo tomado desde una terraza, desde donde se puede apreciar la torre con el campanario de la iglesia principal ubicada en la ciudad colonial.<\/p>\n\n\n\n<p>En el segundo 05 se observa el impacto, que genera un efecto luminoso y posteriormemte una peque\u00f1a humareda.<\/p>\n\n\n\n<p>El senador Salgado Macedonio difundi\u00f3 las tomas con un texto muy breve: \u201cHace rato (18:20 horas), un rayo impact\u00f3 una torre de la catedra de Santa Prisca de Taxco, pero fue tan resistente que los da\u00f1os fueron menores\u201d.<\/p>\n\n\n\n<p>Hasta el momento no se tiene reporte de personas lesionadas.<\/p>\n\n\n\n<p>Protecci\u00f3n Civil del Municipio todav\u00eda no emite alg\u00fan reporte al respecto.<\/p>\n\n\n\n<p>Santa Prisca es considerada patrimonio de la humanidad, por ser una iglesia cuya construcci\u00f3n data desde la \u00e9poca de la Colonia.<\/p>\n","protected":false},"excerpt":{"rendered":"<p>&#8212; Las im\u00e1genes las dio a conocer el senador F\u00e9lix Salgado en su p\u00e1gina de Facebook&#8212; Se espera informaci\u00f3n de Protecci\u00f3n Civil Rogelio Agust\u00edn Un rayo impact\u00f3 en una de&hellip; <\/p>\n","protected":false},"author":21,"featured_media":79484,"comment_status":"open","ping_status":"open","sticky":false,"template":"","format":"standard","meta":{"fifu_image_url":"","fifu_image_alt":"","footnotes":""},"categories":[9],"tags":[],"class_list":["post-79483","post","type-post","status-publish","format-standard","has-post-thumbnail","hentry","category-fenomenos-naturales"],"_links":{"self":[{"href":"https:\/\/www.interaccionnoticias.com.mx\/index.php?rest_route=\/wp\/v2\/posts\/79483","targetHints":{"allow":["GET"]}}],"collection":[{"href":"https:\/\/www.interaccionnoticias.com.mx\/index.php?rest_route=\/wp\/v2\/posts"}],"about":[{"href":"https:\/\/www.interaccionnoticias.com.mx\/index.php?rest_route=\/wp\/v2\/types\/post"}],"author":[{"embeddable":true,"href":"https:\/\/www.interaccionnoticias.com.mx\/index.php?rest_route=\/wp\/v2\/users\/21"}],"replies":[{"embeddable":true,"href":"https:\/\/www.interaccionnoticias.com.mx\/index.php?rest_route=%2Fwp%2Fv2%2Fcomments&post=79483"}],"version-history":[{"count":2,"href":"https:\/\/www.interaccionnoticias.com.mx\/index.php?rest_route=\/wp\/v2\/posts\/79483\/revisions"}],"predecessor-version":[{"id":79487,"href":"https:\/\/www.interaccionnoticias.com.mx\/index.php?rest_route=\/wp\/v2\/posts\/79483\/revisions\/79487"}],"wp:featuredmedia":[{"embeddable":true,"href":"https:\/\/www.interaccionnoticias.com.mx\/index.php?rest_route=\/wp\/v2\/media\/79484"}],"wp:attachment":[{"href":"https:\/\/www.interaccionnoticias.com.mx\/index.php?rest_route=%2Fwp%2Fv2%2Fmedia&parent=79483"}],"wp:term":[{"taxonomy":"category","embeddable":true,"href":"https:\/\/www.interaccionnoticias.com.mx\/index.php?rest_route=%2Fwp%2Fv2%2Fcategories&post=79483"},{"taxonomy":"post_tag","embeddable":true,"href":"https:\/\/www.interaccionnoticias.com.mx\/index.php?rest_route=%2Fwp%2Fv2%2Ftags&post=79483"}],"curies":[{"name":"wp","href":"https:\/\/api.w.org\/{rel}","templated":true}]}}