{"id":79442,"date":"2024-07-05T21:20:40","date_gmt":"2024-07-06T02:20:40","guid":{"rendered":"https:\/\/www.interaccionnoticias.com.mx\/?p=79442"},"modified":"2024-07-05T21:20:42","modified_gmt":"2024-07-06T02:20:42","slug":"niegan-morena-que-haya-simulacion-en-asambleas","status":"publish","type":"post","link":"https:\/\/www.interaccionnoticias.com.mx\/?p=79442","title":{"rendered":"Niegan MORENA que haya simulaci\u00f3n en asambleas"},"content":{"rendered":"\n<p><strong><em>&#8212; Ser\u00e1n asambleas informativas ante el pueblo<br>&#8212; La reforma judicial ser\u00e1 en ocho distritos federales<\/em><\/strong><\/p>\n\n\n\n<p><strong>Javier Trujillo<\/strong><\/p>\n\n\n\n<p><strong>Acapulco, Gro. &#8211; <\/strong>Durante seis domingos, los diputados y dirigentes del Movimiento de Regeneraci\u00f3n Nacional (MORENA), realizara una serie de asambleas informativas ante los ciudadanos.<\/p>\n\n\n\n<p>En seguida, remarc\u00f3 que el poder judicial es el \u00faltimo nicho que tiene la derecha, y justific\u00f3 que hay quienes dicen que los ministros los va a poner el presidente.<\/p>\n\n\n\n<p>\u201cHay ministros de (Enrique) Pe\u00f1a Nieto, de (Felipe) Calderon, los tiempos de (Ernesto) Zedillo cambi\u00f3 a todos, nosotros estamos incitando a la poblaci\u00f3n para que se interesen en el cambio y la discusi\u00f3n de la reforma\u201d, dijo en una primera instancia en Acapulco.<\/p>\n\n\n\n<p>El dirigente estatal de MORENA, Gonz\u00e1lez Varona, desestim\u00f3 que sean asambleas de simulaci\u00f3n.<\/p>\n\n\n\n<p>\u201cHay quienes se llevan casi toda su vida para acceder a la justicia cuando la requien, la gente que ha estado inmersa en estos problemas es la gente que nos ayuda y no es una simulaci\u00f3n.<\/p>\n\n\n\n<p>\u201cVamos a llevar a las plazas p\u00fablicas la propuesta de reforma (judicial) y que ellos (los ciudadanos) nos digan que es lo que hace falta, hay cuestiones que pueden escapar de las manos de los legisladores o de quienes hayan redactado esta reforma\u201d, explic\u00f3 ante los medios de comunicaci\u00f3n.<\/p>\n\n\n\n<p>Luego mencion\u00f3 que ha recorrido la regi\u00f3n de La Monta\u00f1a, donde asegur\u00f3 que hay gente que est\u00e1 presa \u00bfpor qu\u00e9? Por qu\u00e9 el juez no habla su idioma, y porque no puede defenderse porque no hay suficientes abogados de oficio que tengan su idioma\u201d, dijo sin conocer el tema.<\/p>\n\n\n\n<p>Con relaci\u00f3n a las cr\u00edticas de que la elecci\u00f3n popular de jueces y magistrados como lo plantea la reforma que abre las puertas a la delincuencia organizada, sostuvo que la nueva ley responde a las necesidades de sentencias m\u00e1s efectivas y descart que los puestos vayan a ser ocupados por perfiles que desconozcan el sistema de justicia mexicano.<\/p>\n\n\n\n<p>El l\u00edder estatal de MORENA, adelant\u00f3 que las asambleas del pr\u00f3ximo domingo inician a las 10 horas en espacios p\u00fablicos de los distritos federales electorales en la entidad y ser\u00e1n coordinados por los diputados federales actuales y electos.<\/p>\n","protected":false},"excerpt":{"rendered":"<p>&#8212; Ser\u00e1n asambleas informativas ante el pueblo&#8212; La reforma judicial ser\u00e1 en ocho distritos federales Javier Trujillo Acapulco, Gro. &#8211; Durante seis domingos, los diputados y dirigentes del Movimiento de&hellip; <\/p>\n","protected":false},"author":3,"featured_media":79443,"comment_status":"open","ping_status":"open","sticky":false,"template":"","format":"standard","meta":{"fifu_image_url":"","fifu_image_alt":"","footnotes":""},"categories":[21],"tags":[],"class_list":["post-79442","post","type-post","status-publish","format-standard","has-post-thumbnail","hentry","category-politica"],"_links":{"self":[{"href":"https:\/\/www.interaccionnoticias.com.mx\/index.php?rest_route=\/wp\/v2\/posts\/79442","targetHints":{"allow":["GET"]}}],"collection":[{"href":"https:\/\/www.interaccionnoticias.com.mx\/index.php?rest_route=\/wp\/v2\/posts"}],"about":[{"href":"https:\/\/www.interaccionnoticias.com.mx\/index.php?rest_route=\/wp\/v2\/types\/post"}],"author":[{"embeddable":true,"href":"https:\/\/www.interaccionnoticias.com.mx\/index.php?rest_route=\/wp\/v2\/users\/3"}],"replies":[{"embeddable":true,"href":"https:\/\/www.interaccionnoticias.com.mx\/index.php?rest_route=%2Fwp%2Fv2%2Fcomments&post=79442"}],"version-history":[{"count":1,"href":"https:\/\/www.interaccionnoticias.com.mx\/index.php?rest_route=\/wp\/v2\/posts\/79442\/revisions"}],"predecessor-version":[{"id":79444,"href":"https:\/\/www.interaccionnoticias.com.mx\/index.php?rest_route=\/wp\/v2\/posts\/79442\/revisions\/79444"}],"wp:featuredmedia":[{"embeddable":true,"href":"https:\/\/www.interaccionnoticias.com.mx\/index.php?rest_route=\/wp\/v2\/media\/79443"}],"wp:attachment":[{"href":"https:\/\/www.interaccionnoticias.com.mx\/index.php?rest_route=%2Fwp%2Fv2%2Fmedia&parent=79442"}],"wp:term":[{"taxonomy":"category","embeddable":true,"href":"https:\/\/www.interaccionnoticias.com.mx\/index.php?rest_route=%2Fwp%2Fv2%2Fcategories&post=79442"},{"taxonomy":"post_tag","embeddable":true,"href":"https:\/\/www.interaccionnoticias.com.mx\/index.php?rest_route=%2Fwp%2Fv2%2Ftags&post=79442"}],"curies":[{"name":"wp","href":"https:\/\/api.w.org\/{rel}","templated":true}]}}