{"id":79396,"date":"2024-07-04T18:13:00","date_gmt":"2024-07-04T23:13:00","guid":{"rendered":"https:\/\/www.interaccionnoticias.com.mx\/?p=79396"},"modified":"2024-07-04T18:13:02","modified_gmt":"2024-07-04T23:13:02","slug":"se-incrementan-los-feminicidios-en-guerrero-y-las-organizaciones-de-feministas-callan","status":"publish","type":"post","link":"https:\/\/www.interaccionnoticias.com.mx\/?p=79396","title":{"rendered":"Se incrementan los feminicidios en Guerrero y las organizaciones de feministas callan"},"content":{"rendered":"\n<p><em><strong>&#8212; La presidenta del OMPRI en la entidad, Aline Mata Eguia-Liz, lament\u00f3 que las autoridades no resuelvan los casos registrados<\/strong><\/em><\/p>\n\n\n\n<p><strong>Rosario Garc\u00eda Orozco<\/strong><\/p>\n\n\n\n<p>En los \u00faltimos seis d\u00edas se han registrado por lo menos siete feminicidios, solo en Chilpancingo y Acapulco, sin que las organizaciones de feministas hayan realizado alguna movilizaci\u00f3n o declaraci\u00f3n para exigir un alto a la violencia feminicida, refiri\u00f3 la presidenta del Organismo de Mujeres del Partido Revolucionario Institucional (OMPRI), Aline Mata Eguia-Liz.<\/p>\n\n\n\n<p>El s\u00e1bado pasado, se registr\u00f3 el homicidio de una mujer en el interior de un bar en la parte sur del encauzamiento Huacapa de Chilpancingo, ese mismo d\u00eda en Acapulco fue encontrado el cuerpo de una f\u00e9mina con rastros de tortura en La F\u00e1brica en Acapulco.<\/p>\n\n\n\n<p>Mientras que el lunes se report\u00f3 el homicidio de una joven de 17 a\u00f1os de edad, estudiante del Colegio de Bachilleres, en la calle Galo Soberon y Parra, casi esquina con el Encauzamiento Huacapa en Chilpancingo; el martes una mujer fue asesinada a balazos en la colonia Progreso de Acapulco, y en el mismo puerto ese d\u00eda tambi\u00e9n fueron localizados los cuerpos de dos mujeres y un hombres en el interior de un veh\u00edculo en la colonia Hogar Moderno.<\/p>\n\n\n\n<p>El hecho de extrema violencia contra mujeres m\u00e1s reciente se registr\u00f3 el mi\u00e9rcoles, cuando fue localizado el cuerpo de una mujer, en estado de putrefacci\u00f3n sobre la carretera federal Chilpancingo-Ocotito.<\/p>\n\n\n\n<p>Al respecto, la dirigente de las mujeres pri\u00edstas, lament\u00f3 que desde el gobierno federal se hayan concretado recortes presupuestales para atender la violencia contra las mujeres, lo que consider\u00f3 que ha generado el repunte de la violencia contra las mujeres, \u00abporque hay medidas que ya no se pueden realizar y no hay como cuidarlas cuando se sienten en riesgo\u00bb.<\/p>\n\n\n\n<p>Sostuvo que la Fiscal\u00eda General del Estado debe investigar esos hechos como feminicidios y no como homicidios, \u00abadem\u00e1s de que s\u00f3lo nos enteramos de unos cuantos casos, porque seguramente habr\u00e1 muchos m\u00e1s que no son tan p\u00fablicos. Lo que veo es una autoridad ausente, que no est\u00e1 atendiendo la seguridad de las mujeres\u00bb.<\/p>\n\n\n\n<p>Se dijo preocupada por el silencio que las organizaciones feministas han guardado sobre el incremento de feminicidios, \u00abest\u00e1n calladas, pasmadas, las agrupaciones que antes exig\u00edan que la autoridad tomara cartas en el asunto para frenar esos hechos ahora no dicen nada, no s\u00e9 si ya se acostumbraron a estos hechos\u00bb.<\/p>\n\n\n\n<p>Aline Mata consider\u00f3 que debe haber mayor activismo, porque si protestando y exigiendo justicia la autoridad no resuelve, \u00absin reclamo, les vale gorro. Y duele ver que parece ser que en Guerrero se ha naturalizado la violencia, por lo que creo que se tiene que proporcionar recursos a la Secretar\u00eda de la Mujer, que se asigne m\u00e1s dinero a los programas de prevenci\u00f3n de violencia contra las mujeres, y evitar de esa manera que las agresiones lleguen hasta los feminicidios\u00bb.<\/p>\n\n\n\n<p>Sostuvo que Guerrero vive no s\u00f3lo un abandono presupuestal para atender la violencia contra mujeres, sino tambi\u00e9n de las instituciones locales y ahora \u00abhasta de los grupos feministas, ya no tenemos el refugio para mujeres violentadas, no hay un actuar inmediato de la autoridad contra violentadores, nos est\u00e1n dejando solas, y es preocupante el silencio total de las organizaciones feministas, porque no pueden ser comparsa en esta violencia\u00bb.<\/p>\n","protected":false},"excerpt":{"rendered":"<p>&#8212; La presidenta del OMPRI en la entidad, Aline Mata Eguia-Liz, lament\u00f3 que las autoridades no resuelvan los casos registrados Rosario Garc\u00eda Orozco En los \u00faltimos seis d\u00edas se han&hellip; <\/p>\n","protected":false},"author":14,"featured_media":79397,"comment_status":"open","ping_status":"open","sticky":false,"template":"","format":"standard","meta":{"fifu_image_url":"","fifu_image_alt":"","footnotes":""},"categories":[18],"tags":[],"class_list":["post-79396","post","type-post","status-publish","format-standard","has-post-thumbnail","hentry","category-partidos-politicos"],"_links":{"self":[{"href":"https:\/\/www.interaccionnoticias.com.mx\/index.php?rest_route=\/wp\/v2\/posts\/79396","targetHints":{"allow":["GET"]}}],"collection":[{"href":"https:\/\/www.interaccionnoticias.com.mx\/index.php?rest_route=\/wp\/v2\/posts"}],"about":[{"href":"https:\/\/www.interaccionnoticias.com.mx\/index.php?rest_route=\/wp\/v2\/types\/post"}],"author":[{"embeddable":true,"href":"https:\/\/www.interaccionnoticias.com.mx\/index.php?rest_route=\/wp\/v2\/users\/14"}],"replies":[{"embeddable":true,"href":"https:\/\/www.interaccionnoticias.com.mx\/index.php?rest_route=%2Fwp%2Fv2%2Fcomments&post=79396"}],"version-history":[{"count":1,"href":"https:\/\/www.interaccionnoticias.com.mx\/index.php?rest_route=\/wp\/v2\/posts\/79396\/revisions"}],"predecessor-version":[{"id":79398,"href":"https:\/\/www.interaccionnoticias.com.mx\/index.php?rest_route=\/wp\/v2\/posts\/79396\/revisions\/79398"}],"wp:featuredmedia":[{"embeddable":true,"href":"https:\/\/www.interaccionnoticias.com.mx\/index.php?rest_route=\/wp\/v2\/media\/79397"}],"wp:attachment":[{"href":"https:\/\/www.interaccionnoticias.com.mx\/index.php?rest_route=%2Fwp%2Fv2%2Fmedia&parent=79396"}],"wp:term":[{"taxonomy":"category","embeddable":true,"href":"https:\/\/www.interaccionnoticias.com.mx\/index.php?rest_route=%2Fwp%2Fv2%2Fcategories&post=79396"},{"taxonomy":"post_tag","embeddable":true,"href":"https:\/\/www.interaccionnoticias.com.mx\/index.php?rest_route=%2Fwp%2Fv2%2Ftags&post=79396"}],"curies":[{"name":"wp","href":"https:\/\/api.w.org\/{rel}","templated":true}]}}