{"id":79382,"date":"2024-07-04T13:21:31","date_gmt":"2024-07-04T18:21:31","guid":{"rendered":"https:\/\/www.interaccionnoticias.com.mx\/?p=79382"},"modified":"2024-07-04T13:21:33","modified_gmt":"2024-07-04T18:21:33","slug":"hay-una-victima-mortal-por-explosion-de-gas-en-ayotzinapa-se-desconoce-si-es-estudiante","status":"publish","type":"post","link":"https:\/\/www.interaccionnoticias.com.mx\/?p=79382","title":{"rendered":"Hay una v\u00edctima mortal por explosi\u00f3n de gas en Ayotzinapa, se desconoce si es estudiante"},"content":{"rendered":"\n<p><strong><em>&#8212; Vecinos de Tixtla documentan la columna de humo generada por el siniestro<\/em><\/strong><\/p>\n\n\n\n<p><strong>Rogelio Agust\u00edn<\/strong><\/p>\n\n\n\n<p>Vecinos de la cabecera municipal de Tixtla reportaron la explosi\u00f3n de un tanque estacionario de Gas L.P en las instalaciones de la Normal Rural de Ayotzinapa, se tiene conocimiento de que el siniestro dej\u00f3 el saldo de una persona muerta, pero se desconoce si se trata de un estudiante.<\/p>\n\n\n\n<p>El estallido se registr\u00f3 poco antes de las 08:00 horas de este jueves 4 de julio, lo que habitantes de la cabecera municipal de Tixtla documentaron con algunas fotograf\u00edas que r\u00e1pidamente comenzaron a circular en redes sociales.<\/p>\n\n\n\n<p>Inicialmente se manej\u00f3 la explosi\u00f3n de un tanque de gas estacionario, lo que provoc\u00f3 el derribo de una barda de las instalaciones.<\/p>\n\n\n\n<p>V\u00eda telef\u00f3nica, el alcalde Mois\u00e9s Antonio Gonz\u00e1lez manifest\u00f3 que personal de Protecci\u00f3n Civil ya se trasladaba al lugar para verificar lo sucedido.<\/p>\n\n\n\n<p>Pasadas las 10:00 horas se supo que el saldo de la explosi\u00f3n es de una persona muerta, pero no se ha confirmado si se trata de un estudiante.<\/p>\n\n\n\n<p>La explosi\u00f3n se gener\u00f3 en un \u00e1rea utilizada como panader\u00eda, a la que en ocasiones tienen acceso personas ajenas a la comunidad estudiantil.<\/p>\n","protected":false},"excerpt":{"rendered":"<p>&#8212; Vecinos de Tixtla documentan la columna de humo generada por el siniestro Rogelio Agust\u00edn Vecinos de la cabecera municipal de Tixtla reportaron la explosi\u00f3n de un tanque estacionario de&hellip; <\/p>\n","protected":false},"author":21,"featured_media":79374,"comment_status":"open","ping_status":"open","sticky":false,"template":"","format":"standard","meta":{"fifu_image_url":"","fifu_image_alt":"","footnotes":""},"categories":[27],"tags":[],"class_list":["post-79382","post","type-post","status-publish","format-standard","has-post-thumbnail","hentry","category-seguridad-publica"],"_links":{"self":[{"href":"https:\/\/www.interaccionnoticias.com.mx\/index.php?rest_route=\/wp\/v2\/posts\/79382","targetHints":{"allow":["GET"]}}],"collection":[{"href":"https:\/\/www.interaccionnoticias.com.mx\/index.php?rest_route=\/wp\/v2\/posts"}],"about":[{"href":"https:\/\/www.interaccionnoticias.com.mx\/index.php?rest_route=\/wp\/v2\/types\/post"}],"author":[{"embeddable":true,"href":"https:\/\/www.interaccionnoticias.com.mx\/index.php?rest_route=\/wp\/v2\/users\/21"}],"replies":[{"embeddable":true,"href":"https:\/\/www.interaccionnoticias.com.mx\/index.php?rest_route=%2Fwp%2Fv2%2Fcomments&post=79382"}],"version-history":[{"count":1,"href":"https:\/\/www.interaccionnoticias.com.mx\/index.php?rest_route=\/wp\/v2\/posts\/79382\/revisions"}],"predecessor-version":[{"id":79383,"href":"https:\/\/www.interaccionnoticias.com.mx\/index.php?rest_route=\/wp\/v2\/posts\/79382\/revisions\/79383"}],"wp:featuredmedia":[{"embeddable":true,"href":"https:\/\/www.interaccionnoticias.com.mx\/index.php?rest_route=\/wp\/v2\/media\/79374"}],"wp:attachment":[{"href":"https:\/\/www.interaccionnoticias.com.mx\/index.php?rest_route=%2Fwp%2Fv2%2Fmedia&parent=79382"}],"wp:term":[{"taxonomy":"category","embeddable":true,"href":"https:\/\/www.interaccionnoticias.com.mx\/index.php?rest_route=%2Fwp%2Fv2%2Fcategories&post=79382"},{"taxonomy":"post_tag","embeddable":true,"href":"https:\/\/www.interaccionnoticias.com.mx\/index.php?rest_route=%2Fwp%2Fv2%2Ftags&post=79382"}],"curies":[{"name":"wp","href":"https:\/\/api.w.org\/{rel}","templated":true}]}}