{"id":79365,"date":"2024-07-03T20:19:35","date_gmt":"2024-07-04T01:19:35","guid":{"rendered":"https:\/\/www.interaccionnoticias.com.mx\/?p=79365"},"modified":"2024-07-03T20:19:37","modified_gmt":"2024-07-04T01:19:37","slug":"prd-cuestiona-las-consecuencias-de-la-reforma-al-poder-judicial-morena-la-defiende","status":"publish","type":"post","link":"https:\/\/www.interaccionnoticias.com.mx\/?p=79365","title":{"rendered":"PRD cuestiona las consecuencias de la Reforma al Poder Judicial, MORENA la defiende"},"content":{"rendered":"\n<p><em><strong>&#8212; Debaten diputados morenistas y perredistas por la Reforma al Poder Judicial<br>&#8212; Bernardo Ortega la considera como una simulaci\u00f3n y un paso acelerado hacia el autoritarismo<br>&#8212; No es revanchismo de AMLO, representa justicia para quienes no tienen dinero, aclara Alfredo S\u00e1nchez Esquivel<\/strong><\/em><\/p>\n\n\n\n<p><strong>Yasm\u00edn Garc\u00eda<\/strong><\/p>\n\n\n\n<p>En la permanente del Congreso local, integrantes de los grupos parlamentarios del PRD y MORENA polemizaron por las implicaciones que tendr\u00e1 la Reforma al Poder Judicial.<\/p>\n\n\n\n<p>El perredista Bernardo Ortega fue el primero en intervenir en tribuna, recrimin\u00f3 que existe simulaci\u00f3n en la reforma al Poder Judicial que propone el presidente de M\u00e9xico, Andr\u00e9s Manuel L\u00f3pez Obrador, cuando se afirma que el pueblo va a decidir qui\u00e9nes ser\u00e1n los pr\u00f3ximos magistrados cuando lo que se le har\u00e1 llegar son listas de candidatos previamente seleccionados por el Poder Legislativo, ejecutivo y del propio Poder Judicial.<\/p>\n\n\n\n<p>Reproch\u00f3 que la poblaci\u00f3n votar\u00e1 por recomendados ya que el titular del ejecutivo federal podr\u00e1 postular hasta diez candidaturas de forma paritaria y la Suprema Corte de Justicia de la Naci\u00f3n (SCJN) impulsar\u00e1 otras diez m\u00e1s.<\/p>\n\n\n\n<p>Adem\u00e1s de que la c\u00e1mara del Congreso de la Uni\u00f3n propondr\u00e1 cinco candidaturas, \u201ces decir votar\u00e1n por recomendados\u201d.<\/p>\n\n\n\n<p>El diputado Jacinto Gonz\u00e1lez Varona solicit\u00f3 su intervenci\u00f3n en tribuna a la Mesa Directiva para defender la reforma que impulsa AMLO, reproch\u00f3 al diputado perredista que los jueces y magistrados que en la actualidad est\u00e1n en el poder fueron designados por los ex presidentes de M\u00e9xico, Felipe Calder\u00f3n Hinojosa y Enrique Pe\u00f1a Nieto.<\/p>\n\n\n\n<p>Manifest\u00f3 que Morena s\u00ed cumple con lo que promete por eso la reforma al poder judicial, ejemplific\u00f3 la aprobaci\u00f3n de un \u00fanico haber por la pensi\u00f3n vitalicia a los magistrados.<\/p>\n\n\n\n<p>\u201cHablan de que va ser la designaci\u00f3n del presidente d\u00edganme que presidente no ha puesto a sus ministros, todos, durante 70 a\u00f1os, ahora la diferencia es que se va a consultar con el pueblo, o que ministros o jueces quieren apoco no son los que est\u00e1n de Pe\u00f1a Nieto, de Calder\u00f3n y que no fue consultado el pueblo s\u00ed nosotros fu\u00e9ramos iguales esta mayor\u00eda ahorita cambiamos a los ministros como lo hizo Ernesto Zedillo Ponce de Le\u00f3n, pero se trata de consultar al pueblo\u201d, asever\u00f3 Gonz\u00e1lez Varona.<\/p>\n\n\n\n<p>En ese sentido particip\u00f3 el diputado morenista Alfredo S\u00e1nchez Esquivel, quien se enfoc\u00f3 a defender al presidente de la Rep\u00fablica, Andr\u00e9s Manuel L\u00f3pez Obrador, asegur\u00f3 que no es un tema de \u201crevanchismo\u201d del presidente sino de justicia con los que no han tenido acceso a la justicia.<\/p>\n\n\n\n<p>Reproch\u00f3 al Poder Judicial no hacer justicia a las personas que no tienen dinero para pagar a un buen abogado, lo que calific\u00f3 como rid\u00edculo.<\/p>\n\n\n\n<p>\u201cEl sentimiento popular es que no se siente la gran mayor\u00eda de los mexicanos representados no tienen poder econ\u00f3mico, pol\u00edtico, para tener un buen abogado se necesita dinero sino tienes la capacidad econ\u00f3mica no ganas eso es rid\u00edculo\u201d, consider\u00f3.<\/p>\n\n\n\n<p>Asegur\u00f3 que coincidi\u00f3 con el diputado Bernardo Ortega de que quienes ostenten cargos en el poder judicial tienen que estar preparados, tener una carrera civil y garantizar la justicia a la poblaci\u00f3n.<\/p>\n\n\n\n<p>Ning\u00fan otro diputado solicit\u00f3 intervenir en tribuna para continuar con el debate por lo la Mesa Directiva lo dio por concluido.<\/p>\n\n\n\n<p>Como parte del paquete de 18 reformas constitucionales y dos legales presentadas a la C\u00e1mara de Diputados, la reforma al Poder Judicial, plantea quitar pensiones, modificar sueldos, y elegirlos por voto popular que busca se apliquen a partir del 1 de septiembre del 2025.<\/p>\n\n\n\n<p><\/p>\n\n\n\n<div class=\"wp-block-jetpack-slideshow aligncenter\" data-effect=\"slide\"><div class=\"wp-block-jetpack-slideshow_container swiper-container\"><ul class=\"wp-block-jetpack-slideshow_swiper-wrapper swiper-wrapper\"><li class=\"wp-block-jetpack-slideshow_slide swiper-slide\"><figure><img decoding=\"async\" src=\"data:image\/gif;base64,R0lGODlhAQABAIAAAAAAAP\/\/\/ywAAAAAAQABAAACAUwAOw==\" fifu-lazy=\"1\" fifu-data-sizes=\"auto\" fifu-data-srcset=\"https:\/\/i2.wp.com\/www.interaccionnoticias.com.mx\/wp-content\/uploads\/2024\/07\/240703-Alfredo-Sanchez-Esquivel-1024x683.jpg?ssl=1&w=75&resize=75&ssl=1 75w, https:\/\/i2.wp.com\/www.interaccionnoticias.com.mx\/wp-content\/uploads\/2024\/07\/240703-Alfredo-Sanchez-Esquivel-1024x683.jpg?ssl=1&w=100&resize=100&ssl=1 100w, https:\/\/i2.wp.com\/www.interaccionnoticias.com.mx\/wp-content\/uploads\/2024\/07\/240703-Alfredo-Sanchez-Esquivel-1024x683.jpg?ssl=1&w=150&resize=150&ssl=1 150w, https:\/\/i2.wp.com\/www.interaccionnoticias.com.mx\/wp-content\/uploads\/2024\/07\/240703-Alfredo-Sanchez-Esquivel-1024x683.jpg?ssl=1&w=240&resize=240&ssl=1 240w, https:\/\/i2.wp.com\/www.interaccionnoticias.com.mx\/wp-content\/uploads\/2024\/07\/240703-Alfredo-Sanchez-Esquivel-1024x683.jpg?ssl=1&w=320&resize=320&ssl=1 320w, https:\/\/i2.wp.com\/www.interaccionnoticias.com.mx\/wp-content\/uploads\/2024\/07\/240703-Alfredo-Sanchez-Esquivel-1024x683.jpg?ssl=1&w=500&resize=500&ssl=1 500w, https:\/\/i2.wp.com\/www.interaccionnoticias.com.mx\/wp-content\/uploads\/2024\/07\/240703-Alfredo-Sanchez-Esquivel-1024x683.jpg?ssl=1&w=640&resize=640&ssl=1 640w, https:\/\/i2.wp.com\/www.interaccionnoticias.com.mx\/wp-content\/uploads\/2024\/07\/240703-Alfredo-Sanchez-Esquivel-1024x683.jpg?ssl=1&w=800&resize=800&ssl=1 800w, https:\/\/i2.wp.com\/www.interaccionnoticias.com.mx\/wp-content\/uploads\/2024\/07\/240703-Alfredo-Sanchez-Esquivel-1024x683.jpg?ssl=1&w=1024&resize=1024&ssl=1 1024w, https:\/\/i2.wp.com\/www.interaccionnoticias.com.mx\/wp-content\/uploads\/2024\/07\/240703-Alfredo-Sanchez-Esquivel-1024x683.jpg?ssl=1&w=1280&resize=1280&ssl=1 1280w, https:\/\/i2.wp.com\/www.interaccionnoticias.com.mx\/wp-content\/uploads\/2024\/07\/240703-Alfredo-Sanchez-Esquivel-1024x683.jpg?ssl=1&w=1600&resize=1600&ssl=1 1600w\" alt=\"\" class=\"wp-block-jetpack-slideshow_image wp-image-79355\" data-id=\"79355\" fifu-data-src=\"https:\/\/i2.wp.com\/www.interaccionnoticias.com.mx\/wp-content\/uploads\/2024\/07\/240703-Alfredo-Sanchez-Esquivel-1024x683.jpg?ssl=1\"\/><\/figure><\/li><li class=\"wp-block-jetpack-slideshow_slide swiper-slide\"><figure><img decoding=\"async\" src=\"data:image\/gif;base64,R0lGODlhAQABAIAAAAAAAP\/\/\/ywAAAAAAQABAAACAUwAOw==\" fifu-lazy=\"1\" fifu-data-sizes=\"auto\" fifu-data-srcset=\"https:\/\/i1.wp.com\/www.interaccionnoticias.com.mx\/wp-content\/uploads\/2024\/07\/240703-Bernardo-Ortega-1024x683.jpg?ssl=1&w=75&resize=75&ssl=1 75w, https:\/\/i1.wp.com\/www.interaccionnoticias.com.mx\/wp-content\/uploads\/2024\/07\/240703-Bernardo-Ortega-1024x683.jpg?ssl=1&w=100&resize=100&ssl=1 100w, https:\/\/i1.wp.com\/www.interaccionnoticias.com.mx\/wp-content\/uploads\/2024\/07\/240703-Bernardo-Ortega-1024x683.jpg?ssl=1&w=150&resize=150&ssl=1 150w, https:\/\/i1.wp.com\/www.interaccionnoticias.com.mx\/wp-content\/uploads\/2024\/07\/240703-Bernardo-Ortega-1024x683.jpg?ssl=1&w=240&resize=240&ssl=1 240w, https:\/\/i1.wp.com\/www.interaccionnoticias.com.mx\/wp-content\/uploads\/2024\/07\/240703-Bernardo-Ortega-1024x683.jpg?ssl=1&w=320&resize=320&ssl=1 320w, https:\/\/i1.wp.com\/www.interaccionnoticias.com.mx\/wp-content\/uploads\/2024\/07\/240703-Bernardo-Ortega-1024x683.jpg?ssl=1&w=500&resize=500&ssl=1 500w, https:\/\/i1.wp.com\/www.interaccionnoticias.com.mx\/wp-content\/uploads\/2024\/07\/240703-Bernardo-Ortega-1024x683.jpg?ssl=1&w=640&resize=640&ssl=1 640w, https:\/\/i1.wp.com\/www.interaccionnoticias.com.mx\/wp-content\/uploads\/2024\/07\/240703-Bernardo-Ortega-1024x683.jpg?ssl=1&w=800&resize=800&ssl=1 800w, https:\/\/i1.wp.com\/www.interaccionnoticias.com.mx\/wp-content\/uploads\/2024\/07\/240703-Bernardo-Ortega-1024x683.jpg?ssl=1&w=1024&resize=1024&ssl=1 1024w, https:\/\/i1.wp.com\/www.interaccionnoticias.com.mx\/wp-content\/uploads\/2024\/07\/240703-Bernardo-Ortega-1024x683.jpg?ssl=1&w=1280&resize=1280&ssl=1 1280w, https:\/\/i1.wp.com\/www.interaccionnoticias.com.mx\/wp-content\/uploads\/2024\/07\/240703-Bernardo-Ortega-1024x683.jpg?ssl=1&w=1600&resize=1600&ssl=1 1600w\" alt=\"\" class=\"wp-block-jetpack-slideshow_image wp-image-79354\" data-id=\"79354\" fifu-data-src=\"https:\/\/i1.wp.com\/www.interaccionnoticias.com.mx\/wp-content\/uploads\/2024\/07\/240703-Bernardo-Ortega-1024x683.jpg?ssl=1\"\/><\/figure><\/li><li class=\"wp-block-jetpack-slideshow_slide swiper-slide\"><figure><img decoding=\"async\" src=\"data:image\/gif;base64,R0lGODlhAQABAIAAAAAAAP\/\/\/ywAAAAAAQABAAACAUwAOw==\" fifu-lazy=\"1\" fifu-data-sizes=\"auto\" fifu-data-srcset=\"https:\/\/i0.wp.com\/www.interaccionnoticias.com.mx\/wp-content\/uploads\/2024\/07\/240703-Jacinto-Gonzalez-Varona-1-1024x683.jpg?ssl=1&w=75&resize=75&ssl=1 75w, https:\/\/i0.wp.com\/www.interaccionnoticias.com.mx\/wp-content\/uploads\/2024\/07\/240703-Jacinto-Gonzalez-Varona-1-1024x683.jpg?ssl=1&w=100&resize=100&ssl=1 100w, https:\/\/i0.wp.com\/www.interaccionnoticias.com.mx\/wp-content\/uploads\/2024\/07\/240703-Jacinto-Gonzalez-Varona-1-1024x683.jpg?ssl=1&w=150&resize=150&ssl=1 150w, https:\/\/i0.wp.com\/www.interaccionnoticias.com.mx\/wp-content\/uploads\/2024\/07\/240703-Jacinto-Gonzalez-Varona-1-1024x683.jpg?ssl=1&w=240&resize=240&ssl=1 240w, https:\/\/i0.wp.com\/www.interaccionnoticias.com.mx\/wp-content\/uploads\/2024\/07\/240703-Jacinto-Gonzalez-Varona-1-1024x683.jpg?ssl=1&w=320&resize=320&ssl=1 320w, https:\/\/i0.wp.com\/www.interaccionnoticias.com.mx\/wp-content\/uploads\/2024\/07\/240703-Jacinto-Gonzalez-Varona-1-1024x683.jpg?ssl=1&w=500&resize=500&ssl=1 500w, https:\/\/i0.wp.com\/www.interaccionnoticias.com.mx\/wp-content\/uploads\/2024\/07\/240703-Jacinto-Gonzalez-Varona-1-1024x683.jpg?ssl=1&w=640&resize=640&ssl=1 640w, https:\/\/i0.wp.com\/www.interaccionnoticias.com.mx\/wp-content\/uploads\/2024\/07\/240703-Jacinto-Gonzalez-Varona-1-1024x683.jpg?ssl=1&w=800&resize=800&ssl=1 800w, https:\/\/i0.wp.com\/www.interaccionnoticias.com.mx\/wp-content\/uploads\/2024\/07\/240703-Jacinto-Gonzalez-Varona-1-1024x683.jpg?ssl=1&w=1024&resize=1024&ssl=1 1024w, https:\/\/i0.wp.com\/www.interaccionnoticias.com.mx\/wp-content\/uploads\/2024\/07\/240703-Jacinto-Gonzalez-Varona-1-1024x683.jpg?ssl=1&w=1280&resize=1280&ssl=1 1280w, https:\/\/i0.wp.com\/www.interaccionnoticias.com.mx\/wp-content\/uploads\/2024\/07\/240703-Jacinto-Gonzalez-Varona-1-1024x683.jpg?ssl=1&w=1600&resize=1600&ssl=1 1600w\" alt=\"\" class=\"wp-block-jetpack-slideshow_image wp-image-79356\" data-id=\"79356\" fifu-data-src=\"https:\/\/i0.wp.com\/www.interaccionnoticias.com.mx\/wp-content\/uploads\/2024\/07\/240703-Jacinto-Gonzalez-Varona-1-1024x683.jpg?ssl=1\"\/><\/figure><\/li><\/ul><a class=\"wp-block-jetpack-slideshow_button-prev swiper-button-prev swiper-button-white\" role=\"button\"><\/a><a class=\"wp-block-jetpack-slideshow_button-next swiper-button-next swiper-button-white\" role=\"button\"><\/a><a aria-label=\"Pause Slideshow\" class=\"wp-block-jetpack-slideshow_button-pause\" role=\"button\"><\/a><div class=\"wp-block-jetpack-slideshow_pagination swiper-pagination swiper-pagination-white\"><\/div><\/div><\/div>\n","protected":false},"excerpt":{"rendered":"<p>&#8212; Debaten diputados morenistas y perredistas por la Reforma al Poder Judicial&#8212; Bernardo Ortega la considera como una simulaci\u00f3n y un paso acelerado hacia el autoritarismo&#8212; No es revanchismo de&hellip; <\/p>\n","protected":false},"author":32,"featured_media":79354,"comment_status":"open","ping_status":"open","sticky":false,"template":"","format":"standard","meta":{"fifu_image_url":"","fifu_image_alt":"","footnotes":""},"categories":[2],"tags":[],"class_list":["post-79365","post","type-post","status-publish","format-standard","has-post-thumbnail","hentry","category-congreso"],"_links":{"self":[{"href":"https:\/\/www.interaccionnoticias.com.mx\/index.php?rest_route=\/wp\/v2\/posts\/79365","targetHints":{"allow":["GET"]}}],"collection":[{"href":"https:\/\/www.interaccionnoticias.com.mx\/index.php?rest_route=\/wp\/v2\/posts"}],"about":[{"href":"https:\/\/www.interaccionnoticias.com.mx\/index.php?rest_route=\/wp\/v2\/types\/post"}],"author":[{"embeddable":true,"href":"https:\/\/www.interaccionnoticias.com.mx\/index.php?rest_route=\/wp\/v2\/users\/32"}],"replies":[{"embeddable":true,"href":"https:\/\/www.interaccionnoticias.com.mx\/index.php?rest_route=%2Fwp%2Fv2%2Fcomments&post=79365"}],"version-history":[{"count":1,"href":"https:\/\/www.interaccionnoticias.com.mx\/index.php?rest_route=\/wp\/v2\/posts\/79365\/revisions"}],"predecessor-version":[{"id":79366,"href":"https:\/\/www.interaccionnoticias.com.mx\/index.php?rest_route=\/wp\/v2\/posts\/79365\/revisions\/79366"}],"wp:featuredmedia":[{"embeddable":true,"href":"https:\/\/www.interaccionnoticias.com.mx\/index.php?rest_route=\/wp\/v2\/media\/79354"}],"wp:attachment":[{"href":"https:\/\/www.interaccionnoticias.com.mx\/index.php?rest_route=%2Fwp%2Fv2%2Fmedia&parent=79365"}],"wp:term":[{"taxonomy":"category","embeddable":true,"href":"https:\/\/www.interaccionnoticias.com.mx\/index.php?rest_route=%2Fwp%2Fv2%2Fcategories&post=79365"},{"taxonomy":"post_tag","embeddable":true,"href":"https:\/\/www.interaccionnoticias.com.mx\/index.php?rest_route=%2Fwp%2Fv2%2Ftags&post=79365"}],"curies":[{"name":"wp","href":"https:\/\/api.w.org\/{rel}","templated":true}]}}