{"id":79360,"date":"2024-07-03T20:06:02","date_gmt":"2024-07-04T01:06:02","guid":{"rendered":"https:\/\/www.interaccionnoticias.com.mx\/?p=79360"},"modified":"2024-07-03T20:06:04","modified_gmt":"2024-07-04T01:06:04","slug":"detener-el-futurismo-politico-pide-el-dirigente-de-morena-guerrero","status":"publish","type":"post","link":"https:\/\/www.interaccionnoticias.com.mx\/?p=79360","title":{"rendered":"Detener el futurismo pol\u00edtico, pide el dirigente de MORENA-Guerrero"},"content":{"rendered":"\n<p><strong><em>&#8212; Jacinto Gonz\u00e1lez considera una falta de respeto a la gobernadora, Evelyn Salgado hablar de aspirantes a sucederla, cuando est\u00e1 a la mitad de su mandato<\/em><\/strong><\/p>\n\n\n\n<p><strong>Yasm\u00edn Garc\u00eda<\/strong><\/p>\n\n\n\n<p>El dirigente estatal de Morena, Jacinto Gonz\u00e1lez Varona llam\u00f3 a los actores pol\u00edticos de su partidos a detener el futurismo, de cara a la sucesi\u00f3n gubernamental de 2027.<\/p>\n\n\n\n<p>De acuerdo con Gonz\u00e1lez Varona, hablar de aspiraciones en estos momentos representa una falta de respeto hacia la gobernadora Evelyn Salgado Pineda, ya que su mandato a\u00fan no termina.<\/p>\n\n\n\n<p>Tras los destapes hechos or el senador de la rep\u00fablica, F\u00e9lix Salgado Macedonio en su programa de Facebook \u201cLa Hora del Toro\u201d, en donde habl\u00f3 de la alcaldesa de Acapulco Abelina L\u00f3pez Rodr\u00edguez, quien ha manifestado su deseo de ser candidata a la gubernatura en 2027, destac\u00f3 que tambi\u00e9n se habl\u00f3 de la senadora electa, Beatriz Mojica Morga y de \u00e9l mismo.<\/p>\n\n\n\n<p>Gonz\u00e1lez Varona manifest\u00f3 que respeta la carrera pol\u00edtica de Salgado Macedonio, quien lleva 40 a\u00f1os en el ojo p\u00fablico, incluso refiri\u00f3 que algunos de sus compa\u00f1eros de partido le han expresado su simpat\u00eda, pero enfatiz\u00f3 que ser\u00eda una falta de respeto hacia la gobernadora estar pensado desde ahora en la sucesi\u00f3n.<\/p>\n\n\n\n<p>Primero termino mi proceso como dirigente, entrego al partido y seguimos ayud\u00e1ndole a Evelyn, enfrascarnos en futurismos pol\u00edticos no ayuda ni al partido ni a Guerrero, y es una falta de respeto a la gobernadora\u201d, sostuvo.<\/p>\n\n\n\n<p>Respecto a las declaraciones de la alcaldesa Abelina L\u00f3pez Rodr\u00edguez, en el sentido de que aspira a ser la candidata a gobernadora por Morena, mencion\u00f3 que es respetuoso de la libertad de expresi\u00f3n, ya que seguramente tendr\u00e1 sus razones, pero consider\u00f3 que se tienen que respetar los procesos y los tiempos.<\/p>\n\n\n\n<p>Gonz\u00e1lez reconoci\u00f3 que, en el 82 natalicio de C\u00e9sar N\u00fa\u00f1ez, fundador de Morena, coincidieron en que el candidato a gobernador debe de ser un fundador de Morena, pero aclar\u00f3 que no precisamente del grupo \u201cnu\u00f1ista\u201d.<\/p>\n\n\n\n<p>\u201cLa militancia del partido pugna porque al menos sea un fundador, por eso se da ese comentario los que nos aglutinamos nos decimos que lo acompa\u00f1amos y que lo conocieron, los nu\u00f1istas somos fundadores del partido sin quitar el m\u00e9rito a quienes vienen llegando\u201d, consider\u00f3.<\/p>\n","protected":false},"excerpt":{"rendered":"<p>&#8212; Jacinto Gonz\u00e1lez considera una falta de respeto a la gobernadora, Evelyn Salgado hablar de aspirantes a sucederla, cuando est\u00e1 a la mitad de su mandato Yasm\u00edn Garc\u00eda El dirigente&hellip; <\/p>\n","protected":false},"author":32,"featured_media":79353,"comment_status":"open","ping_status":"open","sticky":false,"template":"","format":"standard","meta":{"fifu_image_url":"","fifu_image_alt":"","footnotes":""},"categories":[21],"tags":[],"class_list":["post-79360","post","type-post","status-publish","format-standard","has-post-thumbnail","hentry","category-politica"],"_links":{"self":[{"href":"https:\/\/www.interaccionnoticias.com.mx\/index.php?rest_route=\/wp\/v2\/posts\/79360","targetHints":{"allow":["GET"]}}],"collection":[{"href":"https:\/\/www.interaccionnoticias.com.mx\/index.php?rest_route=\/wp\/v2\/posts"}],"about":[{"href":"https:\/\/www.interaccionnoticias.com.mx\/index.php?rest_route=\/wp\/v2\/types\/post"}],"author":[{"embeddable":true,"href":"https:\/\/www.interaccionnoticias.com.mx\/index.php?rest_route=\/wp\/v2\/users\/32"}],"replies":[{"embeddable":true,"href":"https:\/\/www.interaccionnoticias.com.mx\/index.php?rest_route=%2Fwp%2Fv2%2Fcomments&post=79360"}],"version-history":[{"count":1,"href":"https:\/\/www.interaccionnoticias.com.mx\/index.php?rest_route=\/wp\/v2\/posts\/79360\/revisions"}],"predecessor-version":[{"id":79361,"href":"https:\/\/www.interaccionnoticias.com.mx\/index.php?rest_route=\/wp\/v2\/posts\/79360\/revisions\/79361"}],"wp:featuredmedia":[{"embeddable":true,"href":"https:\/\/www.interaccionnoticias.com.mx\/index.php?rest_route=\/wp\/v2\/media\/79353"}],"wp:attachment":[{"href":"https:\/\/www.interaccionnoticias.com.mx\/index.php?rest_route=%2Fwp%2Fv2%2Fmedia&parent=79360"}],"wp:term":[{"taxonomy":"category","embeddable":true,"href":"https:\/\/www.interaccionnoticias.com.mx\/index.php?rest_route=%2Fwp%2Fv2%2Fcategories&post=79360"},{"taxonomy":"post_tag","embeddable":true,"href":"https:\/\/www.interaccionnoticias.com.mx\/index.php?rest_route=%2Fwp%2Fv2%2Ftags&post=79360"}],"curies":[{"name":"wp","href":"https:\/\/api.w.org\/{rel}","templated":true}]}}