{"id":79337,"date":"2024-07-03T14:57:29","date_gmt":"2024-07-03T19:57:29","guid":{"rendered":"https:\/\/www.interaccionnoticias.com.mx\/?p=79337"},"modified":"2024-07-03T15:56:34","modified_gmt":"2024-07-03T20:56:34","slug":"se-niega-el-suplente-a-asumir-la-presidencia-municipal-de-malinatepec","status":"publish","type":"post","link":"https:\/\/www.interaccionnoticias.com.mx\/?p=79337","title":{"rendered":"Suplente de alcalde asesinado no asumir\u00e1 la presidencia municipal de Malinatepec"},"content":{"rendered":"\n<p><strong><em>&#8212; El Congreso local guard\u00f3 un minuto de silencio, en memoria del asesinado Acasio Flores Guerrero<br>&#8212; Desde el 28 de junio, la Mesa Directiva recibi\u00f3 la negativa del alcalde suplente, se dio a conocer este mi\u00e9rcoles 3 de julio<br>&#8212; La gobernadora Evelyn Salgado Pineda deber\u00e1 proponer una terna de vecinos al Congreso<\/em><\/strong><\/p>\n\n\n\n<p><strong>Rogelio Agust\u00edn<\/strong><\/p>\n\n\n\n<p>La Mesa Directiva del Congreso local guard\u00f3 un minuto de silencio en memoria del presidente municipal de Malinaltepec, Acasio Flores Guerrero, asesinado el pasado 20 de junio, en el cierre de una sesi\u00f3n en la quese aprob\u00f3 la renuncia del suplente, El\u00edas Bail\u00f3n Cruz a la posibilidad de asumir el cargo.<\/p>\n\n\n\n<p>La propuesta fue hecha por el integrante del Grupo Parlamentario de MORENA, Alfredo S\u00e1nchez Esquivel poco antes de que los nueve diputados que estaban presentes abandonaran la sala de plenos, pues la sesi\u00f3n de este mi\u00e9rcoles ya se hab\u00eda clausurado.<\/p>\n\n\n\n<p>\u201cRespeto y solidaridad\u201d, fueron los principios invocados por S\u00e1nchez Esquivel al momento de solicitar el minuto de silencio, lo que fue aceptado por sus compa\u00f1eros.<\/p>\n\n\n\n<p>En la misma sesi\u00f3n se dio a conocer el oficio dirigido por el alcalde suplente, El\u00edas<\/p>\n\n\n\n<p>Bail\u00f3n Cruz, quien contendi\u00f3 como presidente municipal suplente en la planilla que el Partido Encuentro Social (PES) registr\u00f3 ante el Instituto Electoral y de Participaci\u00f3n Ciudadana (IEPC), misma que estuvo encabezada por Acasio Flores, quien fue privado de la libertad en la comunidad de Alacatlatzala, cuando se present\u00f3 a inaugurar la pavimentaci\u00f3n de un par de calles.<\/p>\n\n\n\n<p>Posteriormente, el presidente fue asesinado y su cad\u00e1ver localizado dentro de una camioneta oficial, misma que sus asesinos abandonaron sobre la carretera Tlapa-Marquelia.<\/p>\n\n\n\n<p>La declinaci\u00f3n del suplente fue entregada a la Mesa Directiva el pasado viernes 28 de junio, derivado de la gravedad del caso, se turn\u00f3 a la Comisi\u00f3n de Asuntos Pol\u00edticos que preside la diputada local del PRI, Alicia Elizabeth Zamora Villalba.<\/p>\n\n\n\n<p>Asuntos Pol\u00edticos dictamin\u00f3 la renuncia a favor, lo que fue aprobado este mi\u00e9rcoles durante la sesi\u00f3n de la Comisi\u00f3n Permanente.<\/p>\n\n\n\n<p>Por el momento, la s\u00edndica Ana Mar\u00eda Espinobarros de la Cruz se encuentra en el encargo del despacho.<\/p>\n\n\n\n<p>En entrevista con los reporteros de la fuente, la presidenta de la Comisi\u00f3n de Asuntos Pol\u00edticos, Alicia Zamora coment\u00f3 que el suplente ya compareci\u00f3 ante los diputados para explicar que por problemas de salud, no estaba en condiciones de asumir la presidencia.<\/p>\n\n\n\n<p>La Ley Org\u00e1nica del Municipio Libre del Estado de Guerrero se\u00f1ala en su art\u00edculo 93, que ante la ausencia definitiva de los integrantes de los cabildos, se debe de llamar a los suplentes.<\/p>\n\n\n\n<p>En caso de que los suplentes decidan no asumir, el Ejecutivo, en este caso la gobernadora Evelyn Salgado Pineda propondr\u00e1 una terna entre los vecinos del municipio, que ser\u00e1 avalada por los integrantes del Congreso local.<\/p>\n\n\n\n<p>El periodo constitucional de los alcaldes salientes termina el pr\u00f3ximo 30 de septiembre.<\/p>\n\n\n\n<p><\/p>\n","protected":false},"excerpt":{"rendered":"<p>&#8212; El Congreso local guard\u00f3 un minuto de silencio, en memoria del asesinado Acasio Flores Guerrero&#8212; Desde el 28 de junio, la Mesa Directiva recibi\u00f3 la negativa del alcalde suplente,&hellip; <\/p>\n","protected":false},"author":21,"featured_media":79338,"comment_status":"open","ping_status":"open","sticky":false,"template":"","format":"standard","meta":{"fifu_image_url":"","fifu_image_alt":"","footnotes":""},"categories":[2],"tags":[],"class_list":["post-79337","post","type-post","status-publish","format-standard","has-post-thumbnail","hentry","category-congreso"],"_links":{"self":[{"href":"https:\/\/www.interaccionnoticias.com.mx\/index.php?rest_route=\/wp\/v2\/posts\/79337","targetHints":{"allow":["GET"]}}],"collection":[{"href":"https:\/\/www.interaccionnoticias.com.mx\/index.php?rest_route=\/wp\/v2\/posts"}],"about":[{"href":"https:\/\/www.interaccionnoticias.com.mx\/index.php?rest_route=\/wp\/v2\/types\/post"}],"author":[{"embeddable":true,"href":"https:\/\/www.interaccionnoticias.com.mx\/index.php?rest_route=\/wp\/v2\/users\/21"}],"replies":[{"embeddable":true,"href":"https:\/\/www.interaccionnoticias.com.mx\/index.php?rest_route=%2Fwp%2Fv2%2Fcomments&post=79337"}],"version-history":[{"count":2,"href":"https:\/\/www.interaccionnoticias.com.mx\/index.php?rest_route=\/wp\/v2\/posts\/79337\/revisions"}],"predecessor-version":[{"id":79344,"href":"https:\/\/www.interaccionnoticias.com.mx\/index.php?rest_route=\/wp\/v2\/posts\/79337\/revisions\/79344"}],"wp:featuredmedia":[{"embeddable":true,"href":"https:\/\/www.interaccionnoticias.com.mx\/index.php?rest_route=\/wp\/v2\/media\/79338"}],"wp:attachment":[{"href":"https:\/\/www.interaccionnoticias.com.mx\/index.php?rest_route=%2Fwp%2Fv2%2Fmedia&parent=79337"}],"wp:term":[{"taxonomy":"category","embeddable":true,"href":"https:\/\/www.interaccionnoticias.com.mx\/index.php?rest_route=%2Fwp%2Fv2%2Fcategories&post=79337"},{"taxonomy":"post_tag","embeddable":true,"href":"https:\/\/www.interaccionnoticias.com.mx\/index.php?rest_route=%2Fwp%2Fv2%2Ftags&post=79337"}],"curies":[{"name":"wp","href":"https:\/\/api.w.org\/{rel}","templated":true}]}}