{"id":79334,"date":"2024-07-03T14:52:57","date_gmt":"2024-07-03T19:52:57","guid":{"rendered":"https:\/\/www.interaccionnoticias.com.mx\/?p=79334"},"modified":"2024-07-03T14:52:59","modified_gmt":"2024-07-03T19:52:59","slug":"tormenta-local-inunda-tres-casas-en-ayutla-de-los-libres","status":"publish","type":"post","link":"https:\/\/www.interaccionnoticias.com.mx\/?p=79334","title":{"rendered":"Tormenta local inunda tres casas en Ayutla de Los Libres"},"content":{"rendered":"\n<p><strong><em>&#8212; Tambi\u00e9n causa inundaciones en calles y avenidas<br>&#8212; En el mercado de esa localidad hubo da\u00f1os menores<\/em><\/strong><\/p>\n\n\n\n<p><strong>Javier Trujillo<\/strong><\/p>\n\n\n\n<p><strong>Acapulco, Gro. \u2013<\/strong> Una tormenta azot\u00f3 al municipio ind\u00edgena de Ayutla de los Libres en la regi\u00f3n de la Costa Chica de Guerrero, dejando tres casas inundadas y el mercado de esta localidad costera.<\/p>\n\n\n\n<p>Los hechos se registraron la noche del martes en la colonia San Jos\u00e9, informando el titular de Protecci\u00f3n Civil del municipio Alfredo Castro S\u00e1nchez, que debido a las lluvias hubo inundaciones tres casas, el mercado y encharcamiento a nivel de banquetas en las calles y avenidas.<\/p>\n\n\n\n<p>Por lo anterior, refiere que brigadas de Protecci\u00f3n Civil a su cargo y personal de la Secretar\u00eda de Gesti\u00f3n Integral de Riesgos y apoy\u00f3 las labores para limpiar las viviendas y desazolvar el \u00e1rea.<\/p>\n\n\n\n<p>Al mismo tiempo, report\u00f3 que se est\u00e1 verificando las afectaciones que se presentaron en el mercado, donde los comerciantes, est\u00e1n informando que sufrieron da\u00f1os sus productos porque se mojaron.<\/p>\n\n\n\n<p>El funcionario municipal, se\u00f1ala que debido a la inundaci\u00f3n de una de las principales calles y avenidas se realiz\u00f3 el desazolve de coladeras, as\u00ed como el retiro de basura y agua que estaba estancada.<\/p>\n\n\n\n<p>Este mi\u00e9rcoles el personal de la dependencia realizan la evaluaci\u00f3n de da\u00f1os y levantan un censo de las afectaciones, se destaca que no hay personas lesionadas ni da\u00f1os materiales de consideraci\u00f3n.<\/p>\n","protected":false},"excerpt":{"rendered":"<p>&#8212; Tambi\u00e9n causa inundaciones en calles y avenidas&#8212; En el mercado de esa localidad hubo da\u00f1os menores Javier Trujillo Acapulco, Gro. \u2013 Una tormenta azot\u00f3 al municipio ind\u00edgena de Ayutla&hellip; <\/p>\n","protected":false},"author":3,"featured_media":79335,"comment_status":"open","ping_status":"open","sticky":false,"template":"","format":"standard","meta":{"fifu_image_url":"","fifu_image_alt":"","footnotes":""},"categories":[9],"tags":[],"class_list":["post-79334","post","type-post","status-publish","format-standard","has-post-thumbnail","hentry","category-fenomenos-naturales"],"_links":{"self":[{"href":"https:\/\/www.interaccionnoticias.com.mx\/index.php?rest_route=\/wp\/v2\/posts\/79334","targetHints":{"allow":["GET"]}}],"collection":[{"href":"https:\/\/www.interaccionnoticias.com.mx\/index.php?rest_route=\/wp\/v2\/posts"}],"about":[{"href":"https:\/\/www.interaccionnoticias.com.mx\/index.php?rest_route=\/wp\/v2\/types\/post"}],"author":[{"embeddable":true,"href":"https:\/\/www.interaccionnoticias.com.mx\/index.php?rest_route=\/wp\/v2\/users\/3"}],"replies":[{"embeddable":true,"href":"https:\/\/www.interaccionnoticias.com.mx\/index.php?rest_route=%2Fwp%2Fv2%2Fcomments&post=79334"}],"version-history":[{"count":1,"href":"https:\/\/www.interaccionnoticias.com.mx\/index.php?rest_route=\/wp\/v2\/posts\/79334\/revisions"}],"predecessor-version":[{"id":79336,"href":"https:\/\/www.interaccionnoticias.com.mx\/index.php?rest_route=\/wp\/v2\/posts\/79334\/revisions\/79336"}],"wp:featuredmedia":[{"embeddable":true,"href":"https:\/\/www.interaccionnoticias.com.mx\/index.php?rest_route=\/wp\/v2\/media\/79335"}],"wp:attachment":[{"href":"https:\/\/www.interaccionnoticias.com.mx\/index.php?rest_route=%2Fwp%2Fv2%2Fmedia&parent=79334"}],"wp:term":[{"taxonomy":"category","embeddable":true,"href":"https:\/\/www.interaccionnoticias.com.mx\/index.php?rest_route=%2Fwp%2Fv2%2Fcategories&post=79334"},{"taxonomy":"post_tag","embeddable":true,"href":"https:\/\/www.interaccionnoticias.com.mx\/index.php?rest_route=%2Fwp%2Fv2%2Ftags&post=79334"}],"curies":[{"name":"wp","href":"https:\/\/api.w.org\/{rel}","templated":true}]}}