{"id":79272,"date":"2024-07-02T14:04:23","date_gmt":"2024-07-02T19:04:23","guid":{"rendered":"https:\/\/www.interaccionnoticias.com.mx\/?p=79272"},"modified":"2024-07-02T14:04:24","modified_gmt":"2024-07-02T19:04:24","slug":"encuentran-cadaver-de-un-joven-en-un-chiquero","status":"publish","type":"post","link":"https:\/\/www.interaccionnoticias.com.mx\/?p=79272","title":{"rendered":"Encuentran cad\u00e1ver de un joven en un chiquero"},"content":{"rendered":"\n<p><strong><em>&#8212; Cerca del fraccionamiento Azteca, en la parte norte de la ciudad<\/em><\/strong><\/p>\n\n\n\n<p><strong>SNI<\/strong><\/p>\n\n\n\n<p>La polic\u00eda confirm\u00f3 el hallazgo de un cad\u00e1ver de var\u00f3n en el sector norte de la capital del estado, estaba tirado boca abajo y con rastros de tortura.<\/p>\n\n\n\n<p>Alrededor de las 10:00 horas de este martes, el servicio de emergencias recibi\u00f3 el informe de que en un chiquero se encontraba tirado un cad\u00e1ver, mismo que ten\u00eda una bolsa de pl\u00e1stico en la cabeza y las manos amarradas hacia la espalda.<\/p>\n\n\n\n<p>Al lugar llegaron elementos de la Polic\u00eda Municipal y de la Polic\u00eda Ministerial, quienes confirmaron el hallazgo y preservaron la escena del crimen.<\/p>\n\n\n\n<p>M\u00e1s tarde se incorporaron peritos de la Fiscal\u00eda General del Estado (FGE) y personal del Servicio M\u00e9dico Forense (Semefo) para acordonar la zona e iniciar las investigaciones correspondientes, luego lo trasladaron a la morgue.<\/p>\n\n\n\n<p>Pasado el mediod\u00eda no se confirmaba la identidad de la v\u00edctima<\/p>\n","protected":false},"excerpt":{"rendered":"<p>&#8212; Cerca del fraccionamiento Azteca, en la parte norte de la ciudad SNI La polic\u00eda confirm\u00f3 el hallazgo de un cad\u00e1ver de var\u00f3n en el sector norte de la capital&hellip; <\/p>\n","protected":false},"author":4,"featured_media":79273,"comment_status":"open","ping_status":"open","sticky":false,"template":"","format":"standard","meta":{"fifu_image_url":"","fifu_image_alt":"","footnotes":""},"categories":[27],"tags":[],"class_list":["post-79272","post","type-post","status-publish","format-standard","has-post-thumbnail","hentry","category-seguridad-publica"],"_links":{"self":[{"href":"https:\/\/www.interaccionnoticias.com.mx\/index.php?rest_route=\/wp\/v2\/posts\/79272","targetHints":{"allow":["GET"]}}],"collection":[{"href":"https:\/\/www.interaccionnoticias.com.mx\/index.php?rest_route=\/wp\/v2\/posts"}],"about":[{"href":"https:\/\/www.interaccionnoticias.com.mx\/index.php?rest_route=\/wp\/v2\/types\/post"}],"author":[{"embeddable":true,"href":"https:\/\/www.interaccionnoticias.com.mx\/index.php?rest_route=\/wp\/v2\/users\/4"}],"replies":[{"embeddable":true,"href":"https:\/\/www.interaccionnoticias.com.mx\/index.php?rest_route=%2Fwp%2Fv2%2Fcomments&post=79272"}],"version-history":[{"count":1,"href":"https:\/\/www.interaccionnoticias.com.mx\/index.php?rest_route=\/wp\/v2\/posts\/79272\/revisions"}],"predecessor-version":[{"id":79274,"href":"https:\/\/www.interaccionnoticias.com.mx\/index.php?rest_route=\/wp\/v2\/posts\/79272\/revisions\/79274"}],"wp:featuredmedia":[{"embeddable":true,"href":"https:\/\/www.interaccionnoticias.com.mx\/index.php?rest_route=\/wp\/v2\/media\/79273"}],"wp:attachment":[{"href":"https:\/\/www.interaccionnoticias.com.mx\/index.php?rest_route=%2Fwp%2Fv2%2Fmedia&parent=79272"}],"wp:term":[{"taxonomy":"category","embeddable":true,"href":"https:\/\/www.interaccionnoticias.com.mx\/index.php?rest_route=%2Fwp%2Fv2%2Fcategories&post=79272"},{"taxonomy":"post_tag","embeddable":true,"href":"https:\/\/www.interaccionnoticias.com.mx\/index.php?rest_route=%2Fwp%2Fv2%2Ftags&post=79272"}],"curies":[{"name":"wp","href":"https:\/\/api.w.org\/{rel}","templated":true}]}}