{"id":79259,"date":"2024-07-01T18:20:00","date_gmt":"2024-07-01T23:20:00","guid":{"rendered":"https:\/\/www.interaccionnoticias.com.mx\/?p=79259"},"modified":"2024-07-02T00:53:35","modified_gmt":"2024-07-02T05:53:35","slug":"pacientes-del-hospital-bernardo-sepulveda-gutierrez-sin-alimentos","status":"publish","type":"post","link":"https:\/\/www.interaccionnoticias.com.mx\/?p=79259","title":{"rendered":"Pacientes del hospital Bernardo Sep\u00falveda Guti\u00e9rrez sin alimentos"},"content":{"rendered":"\n<p><strong><em>&#8212; Los pacientes del hospital general no tienen alimentos desde hoy<br>&#8212; A trav\u00e9s de un escrito se les hace saber que tomen medidas necesarias<\/em><\/strong><\/p>\n\n\n\n<p><strong>Javier Trujillo<\/strong><\/p>\n\n\n\n<p><strong>Acapulco, Gro. \u2013<\/strong> Debido a que no tienen indicaciones por parte del personal del IMSS-Bienestar, los pacientes del hospital regional de Zihuatanejo, durante una semana se quedar\u00e1n sin alimentos.<\/p>\n\n\n\n<p>Un escrito dirigido al director del hospital de Zihuatanejo, Ad\u00edn Laurel Su\u00e1rez, se le indica a jefes del hospital que tras una reuni\u00f3n del pasado 27 de junio, el proveedor que surt\u00eda los v\u00edveres para la producci\u00f3n de alimentos del \u00e1rea de cocina dijo que ya no surtir\u00e1 el mes de julio.<\/p>\n\n\n\n<p>\u201cNo se tiene alguna indicaci\u00f3n por parte del personal del IMSS-Bienestar, ya que manifiestan que el contrato que se ten\u00eda era solo por el mes de junio y que actualmente no tienen informaci\u00f3n para seguir surtiendo.<\/p>\n\n\n\n<p>\u201cNosotros como hospital tenemos una proyecci\u00f3n solo para este lunes 1 de julio, en el horario de desayuno\u201d, les hace saber en un documento el administrador del hospital general de Zihuatanejo, \u201cD. Bernardo Sep\u00falveda Guti\u00e9rrez, \u00c1ngel Abraham Bracamontes P\u00e9rez.<\/p>\n\n\n\n<p>En el documento se le gira copia al coordinador estatal en Guerrero del Organismo P\u00fablico Descentralizado IMSS-Bienestar, Ulises Adame Reyna, a la doctora Diana Manzo Ortiz, encargada del equipo regional de la misma dependencia y a Mireya Reyes Grande, l\u00edder sindical de la subsecci\u00f3n 18.<\/p>\n\n\n\n<p>Incluso, en el escrito, el funcionario del IMSS-Bienestar, reconocer que sab\u00edan que ya no habr\u00eda abastecimiento, por lo que menciona que con relaci\u00f3n al surtimiento de alimentos \u201cno est\u00e1bamos preparados para armar alguna estrategia de surtimiento extraordinario\u201d, explica, Bracamontes P\u00e9rez.<\/p>\n\n\n\n<p>Tras lo anterior se menciona que se comparte la informaci\u00f3n para \u201ctomar las medidas necesarias que mejor convengan\u201d, finaliza diciendo en el documento.<\/p>\n\n\n\n<p>En otro escrito el proveedor \u201cDistribuidora W.F\u201d, en un breve escrito les confirma que, a partir del primero de julio, por \u201cmotivos ajenos a nosotros, Distribuidora W.F\u201d, no se va a poder surtir con concepto de v\u00edveres la semana del 01 al 05 de julio ya que no hay indicaciones por parte del IMSS-Bienestar para el surtimiento previo\u201d.<\/p>\n\n\n\n<p>Cabe mencionar que las instalaciones de las \u00e1reas de cocina, se encuentran en malas condiciones<\/p>\n","protected":false},"excerpt":{"rendered":"<p>&#8212; Los pacientes del hospital general no tienen alimentos desde hoy&#8212; A trav\u00e9s de un escrito se les hace saber que tomen medidas necesarias Javier Trujillo Acapulco, Gro. \u2013 Debido&hellip; <\/p>\n","protected":false},"author":3,"featured_media":79260,"comment_status":"open","ping_status":"open","sticky":false,"template":"","format":"standard","meta":{"fifu_image_url":"","fifu_image_alt":"","footnotes":""},"categories":[26],"tags":[],"class_list":["post-79259","post","type-post","status-publish","format-standard","has-post-thumbnail","hentry","category-salud"],"_links":{"self":[{"href":"https:\/\/www.interaccionnoticias.com.mx\/index.php?rest_route=\/wp\/v2\/posts\/79259","targetHints":{"allow":["GET"]}}],"collection":[{"href":"https:\/\/www.interaccionnoticias.com.mx\/index.php?rest_route=\/wp\/v2\/posts"}],"about":[{"href":"https:\/\/www.interaccionnoticias.com.mx\/index.php?rest_route=\/wp\/v2\/types\/post"}],"author":[{"embeddable":true,"href":"https:\/\/www.interaccionnoticias.com.mx\/index.php?rest_route=\/wp\/v2\/users\/3"}],"replies":[{"embeddable":true,"href":"https:\/\/www.interaccionnoticias.com.mx\/index.php?rest_route=%2Fwp%2Fv2%2Fcomments&post=79259"}],"version-history":[{"count":1,"href":"https:\/\/www.interaccionnoticias.com.mx\/index.php?rest_route=\/wp\/v2\/posts\/79259\/revisions"}],"predecessor-version":[{"id":79261,"href":"https:\/\/www.interaccionnoticias.com.mx\/index.php?rest_route=\/wp\/v2\/posts\/79259\/revisions\/79261"}],"wp:featuredmedia":[{"embeddable":true,"href":"https:\/\/www.interaccionnoticias.com.mx\/index.php?rest_route=\/wp\/v2\/media\/79260"}],"wp:attachment":[{"href":"https:\/\/www.interaccionnoticias.com.mx\/index.php?rest_route=%2Fwp%2Fv2%2Fmedia&parent=79259"}],"wp:term":[{"taxonomy":"category","embeddable":true,"href":"https:\/\/www.interaccionnoticias.com.mx\/index.php?rest_route=%2Fwp%2Fv2%2Fcategories&post=79259"},{"taxonomy":"post_tag","embeddable":true,"href":"https:\/\/www.interaccionnoticias.com.mx\/index.php?rest_route=%2Fwp%2Fv2%2Ftags&post=79259"}],"curies":[{"name":"wp","href":"https:\/\/api.w.org\/{rel}","templated":true}]}}