{"id":79245,"date":"2024-07-01T16:08:00","date_gmt":"2024-07-01T21:08:00","guid":{"rendered":"https:\/\/www.interaccionnoticias.com.mx\/?p=79245"},"modified":"2024-07-02T00:32:17","modified_gmt":"2024-07-02T05:32:17","slug":"autoridades-dialogan-con-reclusas-que-se-declararon-en-huelga-de-hambre-en-el-cereso-de-chilpancingo","status":"publish","type":"post","link":"https:\/\/www.interaccionnoticias.com.mx\/?p=79245","title":{"rendered":"Autoridades dialogan con reclusas que se declararon en huelga de hambre, en el Cereso de Chilpancingo"},"content":{"rendered":"\n<p><strong><em>&#8212; El Sistema Penitenciario se pronuncia a favor del respeto a los derechos humanos de las mujeres privadas de la libertad<\/em><\/strong><\/p>\n\n\n\n<p><strong>Rogelio Agust\u00edn<\/strong><\/p>\n\n\n\n<p>La Secretar\u00eda de Seguridad P\u00fablica (SSP) estatal confirm\u00f3 la atenci\u00f3n al grupo de reclusas que este lunes se declararon en huelga de hambre dentro del Centro de Reinserci\u00f3n Social (CERESO) de Chilpancingo.<\/p>\n\n\n\n<p>La ma\u00f1ana del lunes 1 de julio, la interna Jaquel\u00edn P\u00e9rez S\u00e1nchez denunci\u00f3 v\u00eda telef\u00f3nica, que por lo menos 32 reclusas estaban iniciando una huelga de hambre, a partir de varias acciones que vulnerar sus derechos, como la restricci\u00f3n en las visitas familiares y la visita conyugal.<\/p>\n\n\n\n<p>Entre otras cosas, dijo que los dormitorios se encuentran infestados de cucarachas y chinches, sin que hasta el momento se hayan realizado trabajos de fumigaci\u00f3n.<\/p>\n\n\n\n<p>La tarde del mismo lunes, la SSP del Gobierno de Guerrero inform\u00f3 que derivado de dicha protesta, autoridades del Sistema Penitenciario Estatal se encontraban atendiendo las solicitudes dadas a conocer por las mujeres privadas de la libertad.<\/p>\n\n\n\n<p>La dependencia estatal indic\u00f3: \u201cLa SSP se mantiene abierta al dialogo y trabaja por los derechos humanos de las personas privadas de la libertad\u201d.<\/p>\n\n\n\n<p>Se aclara que una vez que se concluya el acercamiento, se informar\u00e1 sobre los acuerdos alcanzados.<\/p>\n","protected":false},"excerpt":{"rendered":"<p>&#8212; El Sistema Penitenciario se pronuncia a favor del respeto a los derechos humanos de las mujeres privadas de la libertad Rogelio Agust\u00edn La Secretar\u00eda de Seguridad P\u00fablica (SSP) estatal&hellip; <\/p>\n","protected":false},"author":21,"featured_media":79246,"comment_status":"open","ping_status":"open","sticky":false,"template":"","format":"standard","meta":{"fifu_image_url":"","fifu_image_alt":"","footnotes":""},"categories":[27],"tags":[],"class_list":["post-79245","post","type-post","status-publish","format-standard","has-post-thumbnail","hentry","category-seguridad-publica"],"_links":{"self":[{"href":"https:\/\/www.interaccionnoticias.com.mx\/index.php?rest_route=\/wp\/v2\/posts\/79245","targetHints":{"allow":["GET"]}}],"collection":[{"href":"https:\/\/www.interaccionnoticias.com.mx\/index.php?rest_route=\/wp\/v2\/posts"}],"about":[{"href":"https:\/\/www.interaccionnoticias.com.mx\/index.php?rest_route=\/wp\/v2\/types\/post"}],"author":[{"embeddable":true,"href":"https:\/\/www.interaccionnoticias.com.mx\/index.php?rest_route=\/wp\/v2\/users\/21"}],"replies":[{"embeddable":true,"href":"https:\/\/www.interaccionnoticias.com.mx\/index.php?rest_route=%2Fwp%2Fv2%2Fcomments&post=79245"}],"version-history":[{"count":2,"href":"https:\/\/www.interaccionnoticias.com.mx\/index.php?rest_route=\/wp\/v2\/posts\/79245\/revisions"}],"predecessor-version":[{"id":79248,"href":"https:\/\/www.interaccionnoticias.com.mx\/index.php?rest_route=\/wp\/v2\/posts\/79245\/revisions\/79248"}],"wp:featuredmedia":[{"embeddable":true,"href":"https:\/\/www.interaccionnoticias.com.mx\/index.php?rest_route=\/wp\/v2\/media\/79246"}],"wp:attachment":[{"href":"https:\/\/www.interaccionnoticias.com.mx\/index.php?rest_route=%2Fwp%2Fv2%2Fmedia&parent=79245"}],"wp:term":[{"taxonomy":"category","embeddable":true,"href":"https:\/\/www.interaccionnoticias.com.mx\/index.php?rest_route=%2Fwp%2Fv2%2Fcategories&post=79245"},{"taxonomy":"post_tag","embeddable":true,"href":"https:\/\/www.interaccionnoticias.com.mx\/index.php?rest_route=%2Fwp%2Fv2%2Ftags&post=79245"}],"curies":[{"name":"wp","href":"https:\/\/api.w.org\/{rel}","templated":true}]}}