{"id":79204,"date":"2024-06-30T22:25:47","date_gmt":"2024-07-01T03:25:47","guid":{"rendered":"https:\/\/www.interaccionnoticias.com.mx\/?p=79204"},"modified":"2024-06-30T22:25:49","modified_gmt":"2024-07-01T03:25:49","slug":"el-comisario-de-amojileca-denuncio-el-incremento-de-casos-de-dengue","status":"publish","type":"post","link":"https:\/\/www.interaccionnoticias.com.mx\/?p=79204","title":{"rendered":"El comisario de Amojileca denunci\u00f3 el incremento de casos de dengue"},"content":{"rendered":"\n<p><strong><em>&#8212; De acuerdo a Salud Guerrero, el estado tiene tres mil 483 casos acumulados de los cuales 128 son considerados como graves, dos mil 93 con signos de alarma y mil 262 como no graves<\/em><\/strong><\/p>\n\n\n\n<p><strong>Yasm\u00edn Garc\u00eda<\/strong><\/p>\n\n\n\n<p>El comisario de la comunidad de Amojileca, Omar Alejandro Almaz\u00e1n denunci\u00f3 el incremento de casos de dengue, est\u00e1 semana registraron 25 casos en el centro de salud y no hay una cifra exacta de los casos que son atendidos en cl\u00ednicas particulares.<\/p>\n\n\n\n<p>Dijo que a mediados del mes de junio no rebasaban los 20 casos y la \u00faltima semana ya hab\u00edan contabilizado 25.<\/p>\n\n\n\n<p>El comisario celebr\u00f3 que hasta el momento no han registrado defunciones ya que los casos se han atendido de manera pronta.<\/p>\n\n\n\n<p>Relat\u00f3 que solicit\u00f3 al ayuntamiento una brigada de fumigaci\u00f3n en la comunidad, quienes respondieron que asistir\u00e1n la pr\u00f3xima semana para fumigar.<\/p>\n\n\n\n<p>Pidi\u00f3 la atenci\u00f3n de las autoridades para que los casos no sigan aumentando.<\/p>\n\n\n\n<p>De acuerdo a Salud Guerrero, el estado tiene tres mil 483 casos acumulados de los cuales 128 son considerados como graves, dos mil 93 con signos de alarma y mil 262 como no graves.<\/p>\n\n\n\n<p>La regi\u00f3n Acapulco es la que m\u00e1s casos tiene con mil 958, la regi\u00f3n Centro representa 393, despu\u00e9s sigue la regi\u00f3n Norte con 370 casos, Costa Chica con 327 Tierra Caliente con 159, mientras que Costa Grande tiene 166 casos y Monta\u00f1a 110.<\/p>\n","protected":false},"excerpt":{"rendered":"<p>&#8212; De acuerdo a Salud Guerrero, el estado tiene tres mil 483 casos acumulados de los cuales 128 son considerados como graves, dos mil 93 con signos de alarma y&hellip; <\/p>\n","protected":false},"author":32,"featured_media":79205,"comment_status":"open","ping_status":"open","sticky":false,"template":"","format":"standard","meta":{"fifu_image_url":"","fifu_image_alt":"","footnotes":""},"categories":[26],"tags":[],"class_list":["post-79204","post","type-post","status-publish","format-standard","has-post-thumbnail","hentry","category-salud"],"_links":{"self":[{"href":"https:\/\/www.interaccionnoticias.com.mx\/index.php?rest_route=\/wp\/v2\/posts\/79204","targetHints":{"allow":["GET"]}}],"collection":[{"href":"https:\/\/www.interaccionnoticias.com.mx\/index.php?rest_route=\/wp\/v2\/posts"}],"about":[{"href":"https:\/\/www.interaccionnoticias.com.mx\/index.php?rest_route=\/wp\/v2\/types\/post"}],"author":[{"embeddable":true,"href":"https:\/\/www.interaccionnoticias.com.mx\/index.php?rest_route=\/wp\/v2\/users\/32"}],"replies":[{"embeddable":true,"href":"https:\/\/www.interaccionnoticias.com.mx\/index.php?rest_route=%2Fwp%2Fv2%2Fcomments&post=79204"}],"version-history":[{"count":1,"href":"https:\/\/www.interaccionnoticias.com.mx\/index.php?rest_route=\/wp\/v2\/posts\/79204\/revisions"}],"predecessor-version":[{"id":79206,"href":"https:\/\/www.interaccionnoticias.com.mx\/index.php?rest_route=\/wp\/v2\/posts\/79204\/revisions\/79206"}],"wp:featuredmedia":[{"embeddable":true,"href":"https:\/\/www.interaccionnoticias.com.mx\/index.php?rest_route=\/wp\/v2\/media\/79205"}],"wp:attachment":[{"href":"https:\/\/www.interaccionnoticias.com.mx\/index.php?rest_route=%2Fwp%2Fv2%2Fmedia&parent=79204"}],"wp:term":[{"taxonomy":"category","embeddable":true,"href":"https:\/\/www.interaccionnoticias.com.mx\/index.php?rest_route=%2Fwp%2Fv2%2Fcategories&post=79204"},{"taxonomy":"post_tag","embeddable":true,"href":"https:\/\/www.interaccionnoticias.com.mx\/index.php?rest_route=%2Fwp%2Fv2%2Ftags&post=79204"}],"curies":[{"name":"wp","href":"https:\/\/api.w.org\/{rel}","templated":true}]}}