{"id":79196,"date":"2024-06-30T22:08:20","date_gmt":"2024-07-01T03:08:20","guid":{"rendered":"https:\/\/www.interaccionnoticias.com.mx\/?p=79196"},"modified":"2024-06-30T22:08:41","modified_gmt":"2024-07-01T03:08:41","slug":"atacan-al-jurista-antonio-sebastian-ortuno","status":"publish","type":"post","link":"https:\/\/www.interaccionnoticias.com.mx\/?p=79196","title":{"rendered":"Atacan al jurista Antonio Sebasti\u00e1n Ortu\u00f1o"},"content":{"rendered":"\n<p><strong><em>&#8212; Es administrador del Poder Judicial local, iba acompa\u00f1ado de una mujer cuando los balearon en Caleta<br>&#8212; Fue aspirante a la FGE, en el proceso de selecci\u00f3n emitido por el Congreso local<\/em><\/strong><\/p>\n\n\n\n<p><strong>Javier Trujillo<\/strong><\/p>\n\n\n\n<p><strong>Acapulco, Gro.- <\/strong>Hombres armados atacan a balazos y dejan herido al director de administraci\u00f3n y finanzas del Tribunal Superior de Justicia (TSJ), Antonio Sebasti\u00e1n Ortu\u00f1o y su esposa en la zona del Acapulco Tradicional.<\/p>\n\n\n\n<p>Tras el ataque se inform\u00f3 que Sebastian Ortu\u00f1o y su esposa, se trasladaron por sus propios medios hasta un hospital privado de Acapulco donde se encuentran recibiendo atenci\u00f3n m\u00e9dica y se les brinda seguridad.<\/p>\n\n\n\n<p>La agresi\u00f3n por hombres armados se registraron aproximadamente a las 16:35 horas en la avenida Gran V\u00eda Tropical en el fraccionamiento Las Playas, en la zona del Acapulco Tradicional, cuando viajaba a bordo de un veh\u00edculo marca Volkswagen tipo Jetta blanco.<\/p>\n\n\n\n<p>De acuerdo con testigos de los hechos se\u00f1alan que se reportaron dos personas lesionadas por disparos de arma de grueso calibre en Costera Miguel Alem\u00e1n, del Fraccionamiento Las Playas, muy cerca de la playa de Caleta en el restaurante \u00abLas Playas\u00bb.<\/p>\n\n\n\n<p>Se indica que el mismo funcionario del TSJ, Sebasti\u00e1n Ortu\u00f1o, y su esposa abordaron el veh\u00edculo, salieron del lugar, a la unidad se le apreciaban varios disparos del lado del conductor y sali\u00f3 en busca de atenci\u00f3n m\u00e9dica.<\/p>\n\n\n\n<p>Cabe mencionar que Antonio Sebasti\u00e1n Ortu\u00f1o, busc\u00f3 ser fiscal General del Estado el pasado mes de abril, pero se qued\u00f3 en el intento.<\/p>\n","protected":false},"excerpt":{"rendered":"<p>&#8212; Es administrador del Poder Judicial local, iba acompa\u00f1ado de una mujer cuando los balearon en Caleta&#8212; Fue aspirante a la FGE, en el proceso de selecci\u00f3n emitido por el&hellip; <\/p>\n","protected":false},"author":3,"featured_media":79197,"comment_status":"open","ping_status":"open","sticky":false,"template":"","format":"standard","meta":{"fifu_image_url":"","fifu_image_alt":"","footnotes":""},"categories":[27],"tags":[],"class_list":["post-79196","post","type-post","status-publish","format-standard","has-post-thumbnail","hentry","category-seguridad-publica"],"_links":{"self":[{"href":"https:\/\/www.interaccionnoticias.com.mx\/index.php?rest_route=\/wp\/v2\/posts\/79196","targetHints":{"allow":["GET"]}}],"collection":[{"href":"https:\/\/www.interaccionnoticias.com.mx\/index.php?rest_route=\/wp\/v2\/posts"}],"about":[{"href":"https:\/\/www.interaccionnoticias.com.mx\/index.php?rest_route=\/wp\/v2\/types\/post"}],"author":[{"embeddable":true,"href":"https:\/\/www.interaccionnoticias.com.mx\/index.php?rest_route=\/wp\/v2\/users\/3"}],"replies":[{"embeddable":true,"href":"https:\/\/www.interaccionnoticias.com.mx\/index.php?rest_route=%2Fwp%2Fv2%2Fcomments&post=79196"}],"version-history":[{"count":2,"href":"https:\/\/www.interaccionnoticias.com.mx\/index.php?rest_route=\/wp\/v2\/posts\/79196\/revisions"}],"predecessor-version":[{"id":79199,"href":"https:\/\/www.interaccionnoticias.com.mx\/index.php?rest_route=\/wp\/v2\/posts\/79196\/revisions\/79199"}],"wp:featuredmedia":[{"embeddable":true,"href":"https:\/\/www.interaccionnoticias.com.mx\/index.php?rest_route=\/wp\/v2\/media\/79197"}],"wp:attachment":[{"href":"https:\/\/www.interaccionnoticias.com.mx\/index.php?rest_route=%2Fwp%2Fv2%2Fmedia&parent=79196"}],"wp:term":[{"taxonomy":"category","embeddable":true,"href":"https:\/\/www.interaccionnoticias.com.mx\/index.php?rest_route=%2Fwp%2Fv2%2Fcategories&post=79196"},{"taxonomy":"post_tag","embeddable":true,"href":"https:\/\/www.interaccionnoticias.com.mx\/index.php?rest_route=%2Fwp%2Fv2%2Ftags&post=79196"}],"curies":[{"name":"wp","href":"https:\/\/api.w.org\/{rel}","templated":true}]}}