{"id":7917,"date":"2017-09-10T15:59:48","date_gmt":"2017-09-10T20:59:48","guid":{"rendered":"http:\/\/www.inter-accion.com.mx\/?p=7917"},"modified":"2017-09-10T15:59:48","modified_gmt":"2017-09-10T20:59:48","slug":"colabora-la-fge-guerrero-con-la-investigacion-del-secuestro-y-asesinato-de-empresario-morelense","status":"publish","type":"post","link":"https:\/\/www.interaccionnoticias.com.mx\/?p=7917","title":{"rendered":"Colabora la FGE-Guerrero con la investigaci\u00f3n del secuestro y asesinato de empresario Morelense"},"content":{"rendered":"<p><strong>Ya puso a disposici\u00f3n la carpeta de investigaci\u00f3n correspondiente<\/strong><br \/>\nLa Fiscal\u00eda General del Estado (FGE) ya colabora con las investigaciones del secuestro y asesinato cometido en contra del empresario morelense Rafael Ar\u00e1mburo Hern\u00e1ndez, cuyo cad\u00e1ver fue encontrado la jornada del jueves en Taxco, en la regi\u00f3n Norte de Guerrero.<br \/>\nLa jornada del domingo 10 de septiembre,&nbsp;el cad\u00e1ver de Ar\u00e1mburu Hern\u00e1ndez fue trasladado a Morelos para entregarlo a su familia, luego de que se le encontrara muerto en la cabecera municipal de de Taxco.<br \/>\nRafael Ar\u00e1mburu fue v\u00edctima de un levant\u00f3n el mi\u00e9rcoles 6 de septiembre, luego de que en calidad de dirigente de la C\u00e1mara Nacional de la Industria Restaurantera y de Alimentos Condimentados (CANIRAC) encabezara una conferencia de prensa en la ciudad Cuernavaca, en ella, un grupo de empresarios denunciaron los altos \u00edndices de inseguridad que padecen los comerciantes de dicha entidad.<br \/>\nAl dia siguiente, su cuerpo sin vida fue localizado a un kil\u00f3metro de la caseta de peaje Taxco-Cuernavaca, justo sobre la cinta asf\u00e1ltica y con cinco balazos en distintas partes del cuerpo.<br \/>\nEste domingo 10,la FGR inform\u00f3 que ya colabora con su similar de Morelos en la investigaci\u00f3n de dicho secuestro y homicidio, en los t\u00e9rminos del convenio de colaboraci\u00f3n institucional que existente entre ambas instituciones.<br \/>\nLa FGE de Guerrero indic\u00f3 que puso a disposici\u00f3n de su similar de Morelos, la informaci\u00f3n contenida en la Carpeta de Investigaci\u00f3n que se inici\u00f3 despu\u00e9s del hallazgo del cad\u00e1ver encontrado en el acotamiento de la autopista Taxco- Cuernavaca.<br \/>\nLa familia identific\u00f3 plenamente el cad\u00e1ver y solicit\u00f3 su traslado a la ciudad de Cuernavaca, para que lo entreguen a sus familiares.<\/p>\n","protected":false},"excerpt":{"rendered":"<p>Ya puso a disposici\u00f3n la carpeta de investigaci\u00f3n correspondiente La Fiscal\u00eda General del Estado (FGE) ya colabora con las investigaciones del secuestro y asesinato cometido en contra del empresario morelense&hellip; <\/p>\n","protected":false},"author":1,"featured_media":0,"comment_status":"closed","ping_status":"closed","sticky":false,"template":"","format":"standard","meta":{"fifu_image_url":"","fifu_image_alt":"","footnotes":""},"categories":[8,27],"tags":[],"class_list":["post-7917","post","type-post","status-publish","format-standard","hentry","category-featured","category-seguridad-publica"],"_links":{"self":[{"href":"https:\/\/www.interaccionnoticias.com.mx\/index.php?rest_route=\/wp\/v2\/posts\/7917","targetHints":{"allow":["GET"]}}],"collection":[{"href":"https:\/\/www.interaccionnoticias.com.mx\/index.php?rest_route=\/wp\/v2\/posts"}],"about":[{"href":"https:\/\/www.interaccionnoticias.com.mx\/index.php?rest_route=\/wp\/v2\/types\/post"}],"author":[{"embeddable":true,"href":"https:\/\/www.interaccionnoticias.com.mx\/index.php?rest_route=\/wp\/v2\/users\/1"}],"replies":[{"embeddable":true,"href":"https:\/\/www.interaccionnoticias.com.mx\/index.php?rest_route=%2Fwp%2Fv2%2Fcomments&post=7917"}],"version-history":[{"count":0,"href":"https:\/\/www.interaccionnoticias.com.mx\/index.php?rest_route=\/wp\/v2\/posts\/7917\/revisions"}],"wp:attachment":[{"href":"https:\/\/www.interaccionnoticias.com.mx\/index.php?rest_route=%2Fwp%2Fv2%2Fmedia&parent=7917"}],"wp:term":[{"taxonomy":"category","embeddable":true,"href":"https:\/\/www.interaccionnoticias.com.mx\/index.php?rest_route=%2Fwp%2Fv2%2Fcategories&post=7917"},{"taxonomy":"post_tag","embeddable":true,"href":"https:\/\/www.interaccionnoticias.com.mx\/index.php?rest_route=%2Fwp%2Fv2%2Ftags&post=7917"}],"curies":[{"name":"wp","href":"https:\/\/api.w.org\/{rel}","templated":true}]}}