{"id":79012,"date":"2024-06-24T18:21:00","date_gmt":"2024-06-24T23:21:00","guid":{"rendered":"https:\/\/www.interaccionnoticias.com.mx\/?p=79012"},"modified":"2024-06-24T23:31:53","modified_gmt":"2024-06-25T04:31:53","slug":"reforzara-la-sedena-seguridad-en-guerrero-en-los-ultimos-cien-dias-del-ano","status":"publish","type":"post","link":"https:\/\/www.interaccionnoticias.com.mx\/?p=79012","title":{"rendered":"Reforzar\u00e1 la SEDENA seguridad en Guerrero en los \u00faltimos cien d\u00edas del a\u00f1o"},"content":{"rendered":"\n<p><strong><em>&#8212; Chilpancingo, Acapulco, Zihuatanejo e Iguala los focos rojos prioritarios para la seguridad<\/em><\/strong><\/p>\n\n\n\n<p><strong>Dassaev T\u00e9llez Adame<\/strong><\/p>\n\n\n\n<p>Con la finalidad de apoyar a las autoridades locales, el personal de la Secretar\u00eda de la Defensa Nacional (SEDENA) incrementar\u00e1 en el estado de Guerrero durante los \u00faltimos cien d\u00edas del a\u00f1o, con la finalidad de disminuir los \u00edndices delictivos y lograr una pacificaci\u00f3n en el estado.<\/p>\n\n\n\n<p>En entrevista, el General de Divisi\u00f3n de Estado Mayor y Comandante de la IX Regi\u00f3n Militar, Enrique Mart\u00ednez L\u00f3pez, declar\u00f3 que la participaci\u00f3n de la ciudadan\u00eda, denunciando los hechos il\u00edcitos, ayudar\u00e1 mucho a la disminuci\u00f3n de estos.<\/p>\n\n\n\n<p>Por lo que, en lo que resta del a\u00f1o, arribar\u00e1n a Guerrero contingentes de personal de la Guardia Nacional (GN) y del Ej\u00e9rcito mexicano, con los que implementar\u00e1n un \u201cplan de seguridad\u201d en apoyo a las autoridades del estado.<\/p>\n\n\n\n<p>Adem\u00e1s de que continuar\u00e1n participando en operativos de prevenci\u00f3n del delito en conjunto con el gobierno guerrerense, recordando que este fin de semana, participaron en cuatro m\u00f3dulos en Acapulco y uno m\u00e1s en Coyuca donde hubo proximidad social con el personal de la GN, SEDENA, la Secretar\u00eda de Seguridad P\u00fablica (SSP-Gro) y la Fiscal\u00eda General del Estado (FGE).<\/p>\n\n\n\n<p>Cuestionado sobre zonas prioritarias, Mart\u00ednez L\u00f3pez, dijo que \u201cel mapa de calor o zonas donde hemos tenido m\u00e1s homicidios, son las zonas prioritarias y queremos darle a la ciudadan\u00eda, en esta \u00e9poca, la tranquilidad para que pueda hacer sus actividades normales\u201d, asegurando que dichas zonas catalogadas como focos rojos son Acapulco, Zihuatanejo, Chilpancingo e Iguala.<\/p>\n\n\n\n<p>Indico que las armas decomisadas y presentadas para su destrucci\u00f3n este lunes, fueron incautadas en todo el estado y todas tienen que ver con hechos delictivos.<\/p>\n\n\n\n<p>\u201cAqu\u00ed, podemos decir que son armas que los juzgados decretan su aseguramiento a favor de la Secretar\u00eda, que pueden ser desde homicidios intencionales hasta armas que se le han asegurado a la delincuencia organizada\u201d, argument\u00f3.<\/p>\n\n\n\n<p>Especifico que algunas armas no fueron mostradas para la destrucci\u00f3n por que se tratan de artefactos explosivos y todo el material que se ha utilizado para atacar a diversas comunidades con drones, adem\u00e1s de decomisar, a principios de a\u00f1o, 2 drones, piezas y pilas para su uso.<\/p>\n\n\n\n<p>\u201cEste fin de semana se asegur\u00f3 m\u00e1s de 300 cilindros que usa la delincuencia organizada, en el poblado de Murga, en un campamento en el municipio de Petatl\u00e1n\u201d, record\u00f3.<\/p>\n\n\n\n<p>Por lo que, dijo, se continuar\u00e1n reforzando los operativos para disminuir los ataques a la ciudadan\u00eda.<\/p>\n","protected":false},"excerpt":{"rendered":"<p>&#8212; Chilpancingo, Acapulco, Zihuatanejo e Iguala los focos rojos prioritarios para la seguridad Dassaev T\u00e9llez Adame Con la finalidad de apoyar a las autoridades locales, el personal de la Secretar\u00eda&hellip; <\/p>\n","protected":false},"author":9,"featured_media":79013,"comment_status":"open","ping_status":"open","sticky":false,"template":"","format":"standard","meta":{"fifu_image_url":"","fifu_image_alt":"","footnotes":""},"categories":[27],"tags":[],"class_list":["post-79012","post","type-post","status-publish","format-standard","has-post-thumbnail","hentry","category-seguridad-publica"],"_links":{"self":[{"href":"https:\/\/www.interaccionnoticias.com.mx\/index.php?rest_route=\/wp\/v2\/posts\/79012","targetHints":{"allow":["GET"]}}],"collection":[{"href":"https:\/\/www.interaccionnoticias.com.mx\/index.php?rest_route=\/wp\/v2\/posts"}],"about":[{"href":"https:\/\/www.interaccionnoticias.com.mx\/index.php?rest_route=\/wp\/v2\/types\/post"}],"author":[{"embeddable":true,"href":"https:\/\/www.interaccionnoticias.com.mx\/index.php?rest_route=\/wp\/v2\/users\/9"}],"replies":[{"embeddable":true,"href":"https:\/\/www.interaccionnoticias.com.mx\/index.php?rest_route=%2Fwp%2Fv2%2Fcomments&post=79012"}],"version-history":[{"count":1,"href":"https:\/\/www.interaccionnoticias.com.mx\/index.php?rest_route=\/wp\/v2\/posts\/79012\/revisions"}],"predecessor-version":[{"id":79014,"href":"https:\/\/www.interaccionnoticias.com.mx\/index.php?rest_route=\/wp\/v2\/posts\/79012\/revisions\/79014"}],"wp:featuredmedia":[{"embeddable":true,"href":"https:\/\/www.interaccionnoticias.com.mx\/index.php?rest_route=\/wp\/v2\/media\/79013"}],"wp:attachment":[{"href":"https:\/\/www.interaccionnoticias.com.mx\/index.php?rest_route=%2Fwp%2Fv2%2Fmedia&parent=79012"}],"wp:term":[{"taxonomy":"category","embeddable":true,"href":"https:\/\/www.interaccionnoticias.com.mx\/index.php?rest_route=%2Fwp%2Fv2%2Fcategories&post=79012"},{"taxonomy":"post_tag","embeddable":true,"href":"https:\/\/www.interaccionnoticias.com.mx\/index.php?rest_route=%2Fwp%2Fv2%2Ftags&post=79012"}],"curies":[{"name":"wp","href":"https:\/\/api.w.org\/{rel}","templated":true}]}}