{"id":7893,"date":"2017-09-08T16:10:53","date_gmt":"2017-09-08T21:10:53","guid":{"rendered":"http:\/\/www.inter-accion.com.mx\/?p=7893"},"modified":"2017-09-08T16:10:53","modified_gmt":"2017-09-08T21:10:53","slug":"lo-asesinan-en-la-playa-de-acapulco","status":"publish","type":"post","link":"https:\/\/www.interaccionnoticias.com.mx\/?p=7893","title":{"rendered":"Lo asesinan en la playa de Acapulco"},"content":{"rendered":"<p><strong>Le disparan en varias ocasiones<\/strong><br \/>\n<strong>Acapulco, Gro.-<\/strong> En la zona de playa, un hombre fue ultimado a balazos, en la calle Juan de la Cosa, entre las hospeder\u00edas Playa Suite y Emporio del fraccionamiento Magallanes, zona tur\u00edstica de Acapulco.<br \/>\nDe acuerdo con reportes policiales se indica que aproximadamente a las 12:30 horas reportaron en forma an\u00f3nima a trav\u00e9s del 911 que se escucharon detonaciones de arma de fuego.<br \/>\nAl llegar al lugar, personal de la Polic\u00eda Tur\u00edstica de Acapulco y agentes de la Polic\u00eda Investigadora Ministerial,&nbsp;encontraron a un hombre privado de la vida, con varios impactos de arma de fuego, muy cerca de los ba\u00f1os p\u00fablicos de esa zona de playa en la bah\u00eda de este destino turistico.<br \/>\nLa v\u00edctima qued\u00f3 tendida en la arena, mientras el personal de Servicios Periciales y del Ministerio P\u00fablico, realizaron las primeras diligencias, m\u00e1s tarde se orden\u00f3 levantar el cuerpo.<br \/>\nEl cad\u00e1ver del hombre, est\u00e1 en calidad de desconocido, fue trasladado a instalaciones por el personal del Servicio M\u00e9dico Forense (SEMEFO).<\/p>\n","protected":false},"excerpt":{"rendered":"<p>Le disparan en varias ocasiones Acapulco, Gro.- En la zona de playa, un hombre fue ultimado a balazos, en la calle Juan de la Cosa, entre las hospeder\u00edas Playa Suite&hellip; <\/p>\n","protected":false},"author":1,"featured_media":0,"comment_status":"closed","ping_status":"closed","sticky":false,"template":"","format":"standard","meta":{"fifu_image_url":"","fifu_image_alt":"","footnotes":""},"categories":[8,27],"tags":[],"class_list":["post-7893","post","type-post","status-publish","format-standard","hentry","category-featured","category-seguridad-publica"],"_links":{"self":[{"href":"https:\/\/www.interaccionnoticias.com.mx\/index.php?rest_route=\/wp\/v2\/posts\/7893","targetHints":{"allow":["GET"]}}],"collection":[{"href":"https:\/\/www.interaccionnoticias.com.mx\/index.php?rest_route=\/wp\/v2\/posts"}],"about":[{"href":"https:\/\/www.interaccionnoticias.com.mx\/index.php?rest_route=\/wp\/v2\/types\/post"}],"author":[{"embeddable":true,"href":"https:\/\/www.interaccionnoticias.com.mx\/index.php?rest_route=\/wp\/v2\/users\/1"}],"replies":[{"embeddable":true,"href":"https:\/\/www.interaccionnoticias.com.mx\/index.php?rest_route=%2Fwp%2Fv2%2Fcomments&post=7893"}],"version-history":[{"count":0,"href":"https:\/\/www.interaccionnoticias.com.mx\/index.php?rest_route=\/wp\/v2\/posts\/7893\/revisions"}],"wp:attachment":[{"href":"https:\/\/www.interaccionnoticias.com.mx\/index.php?rest_route=%2Fwp%2Fv2%2Fmedia&parent=7893"}],"wp:term":[{"taxonomy":"category","embeddable":true,"href":"https:\/\/www.interaccionnoticias.com.mx\/index.php?rest_route=%2Fwp%2Fv2%2Fcategories&post=7893"},{"taxonomy":"post_tag","embeddable":true,"href":"https:\/\/www.interaccionnoticias.com.mx\/index.php?rest_route=%2Fwp%2Fv2%2Ftags&post=7893"}],"curies":[{"name":"wp","href":"https:\/\/api.w.org\/{rel}","templated":true}]}}