{"id":78923,"date":"2024-06-21T22:14:26","date_gmt":"2024-06-22T03:14:26","guid":{"rendered":"https:\/\/www.interaccionnoticias.com.mx\/?p=78923"},"modified":"2024-06-21T22:14:27","modified_gmt":"2024-06-22T03:14:27","slug":"periodistas-de-acapulco-y-guerrero-presentan-queja-ante-la-cndh","status":"publish","type":"post","link":"https:\/\/www.interaccionnoticias.com.mx\/?p=78923","title":{"rendered":"Periodistas de Acapulco y Guerrero presentan queja ante la CNDH"},"content":{"rendered":"\n<p><strong><em>&#8212; Acusan de amenazas y hostigamiento del INE<br>&#8212; Denuncia desestimada y despu\u00e9s entregan notificaciones<\/em><\/strong><\/p>\n\n\n\n<p><strong>Javier Trujillo<\/strong><\/p>\n\n\n\n<p><strong>Acapulco, Gro. &#8211;<\/strong> Un grupo de periodistas de Guerrero, interpusieron una queja ante la delegaci\u00f3n de la Comisi\u00f3n Nacional de Derechos Humanos, con sede en Acapulco, contra el INE en la entidad por amenazas y hostigamiento.<\/p>\n\n\n\n<p>Se trata de los comunicadores Francisco Cardenas, Luciano Mart\u00edn Mart\u00ednez y Ang\u00e9lica Ontiveros, as\u00ed como el periodista y caricaturista Ignacio H\u00e9rnandez Meneses, quienes acusan persecuci\u00f3n.<\/p>\n\n\n\n<p>Este viernes en la queja iniciada, se precisa que el INE cometi\u00f3 diversas irregularidades en la notificaci\u00f3n a los reporteros de una demanda que interpuso en contra de los comunicadores desde el pasado mes de marzo de 2024 la senadora electa de Morena, Beatriz Mojica Morga.<\/p>\n\n\n\n<p>Al cartonista, conocido como Cartonacho`s, y comunicador lo se\u00f1ala de haber incurrido en violencia de g\u00e9nero, tras la realizaci\u00f3n de un cart\u00f3n dibujado el 7 de febrero del mismo a\u00f1o por Hernandez Meneses, cartonista del espacio informativo multimedios N3 Guerrero.<\/p>\n\n\n\n<p>\u201cTodos los d\u00edas envi\u00f3 mi informaci\u00f3n a un promedio de 8 a 10 medios de comunicaci\u00f3n mi trabajo que es una caricatura como parte de los g\u00e9neros period\u00edsticos, pero la se\u00f1ora BMM, suponemos que es Beatriz Mojica Morga.<\/p>\n\n\n\n<p>\u201cElla (Beatriz Mojica Morga) nos acusa de violencia de g\u00e9nero contra las mujeres porque ella ve en estos trazos que hay violencia, de acuerdo con la interpretaci\u00f3n jur\u00eddica de ella\u201d, explic\u00f3 ante la delegada en Guerrero de la CNDH, Micaela Caba\u00f1as Ayala.<\/p>\n\n\n\n<p>Pese a que a finales del mismo mes en que Mojica Morga procedi\u00f3 en contra de los comunidores, el INE declar\u00f3 infundada y rechaz\u00f3 la continuidad de su demanda, casi 30 d\u00edas despu\u00e9s.<\/p>\n\n\n\n<p>A pesar de ello, el organismo recula y notifica a los cuatro comunicadores del proceso iniciado en su contra y que avanza, amenaz\u00e1ndolos que en caso de no atender cada uno de los requerimientos ser\u00edan acreedores de una multa econ\u00f3mica, incluso advierte que podr\u00edan ir a la c\u00e1rcel.<\/p>\n\n\n\n<p>Mientras que para Francisco Cardenas, director y reportero del medio digital Libertad Guerrero, dice que desde el 17 de mayo empez\u00f3 la llegada de los requerimientos a los diferentes medios de comunicaci\u00f3n.<\/p>\n\n\n\n<p>\u201cResulta extra\u00f1o, que el INE haya declarado improcedente a destiempo a la fecha, nuevamente han empezado a llegar los citatorios, lo que nos parece grave que una instituci\u00f3n como el INE nos amenace\u201d, dice Cardenas L\u00f3pez.<\/p>\n\n\n\n<p>En la caricatura titulada de \u201cTragaluz a traga memoria hist\u00f3rica\u201d, se hace alusi\u00f3n a las declaraciones de la entonces candidata de la coalici\u00f3n PRI-PAN-PRD, Mojica Morga, quien en 2018, en un programa de entrevistas nacional, mencion\u00f3 que no compart\u00eda la visi\u00f3n autoritaria del entonces candidato de MORENA, Andr\u00e9s Manuel L\u00f3pez Obrador, por lo que en ese periodo no consideraba militar en el partido Movimiento Regeneraci\u00f3n.<\/p>\n\n\n\n<p>Lo anterior, fue retomada y plasmada por Hernandez Meneses, en la caricatura se cita textualmente lo dicho por Beatriz Mojica, en una ilustraci\u00f3n que de acuerdo con la definici\u00f3n del INE sobre la violencia pol\u00edtica en raz\u00f3n de g\u00e9nero, no hace menci\u00f3n a su condici\u00f3n de mujer.<\/p>\n\n\n\n<p>Cabe mencionar que como parte de los requerimientos del INE, dicha instituci\u00f3n acus\u00f3 a los comunicadores de haber lucrado con la realizaci\u00f3n y difusi\u00f3n del cart\u00f3n, acto que los reporteros definieron como un intento de censura y atentado contra la libertad de expresi\u00f3n.<\/p>\n\n\n\n<p>Ante la llegada de un nuevo gobierno federal, los comunicadores se\u00f1alaron que buscan blindarse ante cualquier acci\u00f3n que atente contra su labor period\u00edstica y su vida, por lo que adem\u00e1s de solicitar la intervenci\u00f3n de la CNDH, en el contexto de la violencia contra el gremio.<\/p>\n\n\n\n<p>Finalmente advierten que se encuentran en v\u00edas de pedir la protecci\u00f3n del mecanismo de seguridad para periodistas.<\/p>\n","protected":false},"excerpt":{"rendered":"<p>&#8212; Acusan de amenazas y hostigamiento del INE&#8212; Denuncia desestimada y despu\u00e9s entregan notificaciones Javier Trujillo Acapulco, Gro. &#8211; Un grupo de periodistas de Guerrero, interpusieron una queja ante la&hellip; <\/p>\n","protected":false},"author":3,"featured_media":78924,"comment_status":"open","ping_status":"open","sticky":false,"template":"","format":"standard","meta":{"fifu_image_url":"","fifu_image_alt":"","footnotes":""},"categories":[29],"tags":[],"class_list":["post-78923","post","type-post","status-publish","format-standard","has-post-thumbnail","hentry","category-sociedad"],"_links":{"self":[{"href":"https:\/\/www.interaccionnoticias.com.mx\/index.php?rest_route=\/wp\/v2\/posts\/78923","targetHints":{"allow":["GET"]}}],"collection":[{"href":"https:\/\/www.interaccionnoticias.com.mx\/index.php?rest_route=\/wp\/v2\/posts"}],"about":[{"href":"https:\/\/www.interaccionnoticias.com.mx\/index.php?rest_route=\/wp\/v2\/types\/post"}],"author":[{"embeddable":true,"href":"https:\/\/www.interaccionnoticias.com.mx\/index.php?rest_route=\/wp\/v2\/users\/3"}],"replies":[{"embeddable":true,"href":"https:\/\/www.interaccionnoticias.com.mx\/index.php?rest_route=%2Fwp%2Fv2%2Fcomments&post=78923"}],"version-history":[{"count":1,"href":"https:\/\/www.interaccionnoticias.com.mx\/index.php?rest_route=\/wp\/v2\/posts\/78923\/revisions"}],"predecessor-version":[{"id":78925,"href":"https:\/\/www.interaccionnoticias.com.mx\/index.php?rest_route=\/wp\/v2\/posts\/78923\/revisions\/78925"}],"wp:featuredmedia":[{"embeddable":true,"href":"https:\/\/www.interaccionnoticias.com.mx\/index.php?rest_route=\/wp\/v2\/media\/78924"}],"wp:attachment":[{"href":"https:\/\/www.interaccionnoticias.com.mx\/index.php?rest_route=%2Fwp%2Fv2%2Fmedia&parent=78923"}],"wp:term":[{"taxonomy":"category","embeddable":true,"href":"https:\/\/www.interaccionnoticias.com.mx\/index.php?rest_route=%2Fwp%2Fv2%2Fcategories&post=78923"},{"taxonomy":"post_tag","embeddable":true,"href":"https:\/\/www.interaccionnoticias.com.mx\/index.php?rest_route=%2Fwp%2Fv2%2Ftags&post=78923"}],"curies":[{"name":"wp","href":"https:\/\/api.w.org\/{rel}","templated":true}]}}