{"id":7890,"date":"2017-09-08T12:19:00","date_gmt":"2017-09-08T17:19:00","guid":{"rendered":"http:\/\/www.inter-accion.com.mx\/?p=7890"},"modified":"2017-09-08T12:19:00","modified_gmt":"2017-09-08T17:19:00","slug":"aunque-sin-afectaciones-mayores-guerrero-esta-en-alerta-por-el-sismo-y-huracanes","status":"publish","type":"post","link":"https:\/\/www.interaccionnoticias.com.mx\/?p=7890","title":{"rendered":"Aunque sin afectaciones mayores, Guerrero est\u00e1 en alerta por el sismo y huracanes"},"content":{"rendered":"<p><strong>Se declara Consejo Estatal de Protecci\u00f3n Civil en sesi\u00f3n permanente<\/strong><\/p>\n<div>El gobernador &nbsp;H\u00e9ctor Astudillo Flores inform\u00f3 que&nbsp;tras el sismo de la media noche del jueves,&nbsp;el Sistema estatal de Protecci\u00f3n Civil&nbsp;no ha&nbsp;registrado p\u00e9rdidas&nbsp;humanas ni da\u00f1os de consideraci\u00f3n, aunque hay 16 escuelas en valoraci\u00f3n y un estado de alerta por la posibilidad de m\u00e1s replicas y por la cercan\u00eda de huracanes.<\/div>\n<div>En la residencia oficial Casa Guerrero, el jefe del Ejecutivo local encabez\u00f3 la reuni\u00f3n&nbsp;<span style=\"font-size: medium;\">del Consejo Estatal de Protecci\u00f3n Civil, que se instal\u00f3&nbsp;<\/span>sesi\u00f3n permanente la ma\u00f1ana del viernes.&nbsp;<span style=\"font-size: medium;\">&nbsp;&nbsp;<\/span>&nbsp;<\/div>\n<div>Astudillo Flores dijo que&nbsp;solo se han registrado da\u00f1os menores en 16 escuelas por lo ya fueron suspendidas las clases en todo el estado para poder realizar una evaluaci\u00f3n de da\u00f1os en todas los planteles educativos e instancias infantiles.<br \/>\nEn los que corresponde a las zonas costeras, no se tienen hasta la fecha&nbsp;registros de da\u00f1os graves por la lluvias que se registraron ayer, tampoco por el sismo.<\/div>\n<div>Agreg\u00f3\u00b4 que&nbsp;hasta la fecha se tiene un&nbsp;registro de 85 replicas en el estado, por lo que las autoridades de los tres niveles permanecen en situaci\u00f3n de&nbsp;alerta.<\/div>\n","protected":false},"excerpt":{"rendered":"<p>Se declara Consejo Estatal de Protecci\u00f3n Civil en sesi\u00f3n permanente El gobernador &nbsp;H\u00e9ctor Astudillo Flores inform\u00f3 que&nbsp;tras el sismo de la media noche del jueves,&nbsp;el Sistema estatal de Protecci\u00f3n Civil&nbsp;no&hellip; <\/p>\n","protected":false},"author":1,"featured_media":0,"comment_status":"closed","ping_status":"closed","sticky":false,"template":"","format":"standard","meta":{"fifu_image_url":"","fifu_image_alt":"","footnotes":""},"categories":[8,11],"tags":[],"class_list":["post-7890","post","type-post","status-publish","format-standard","hentry","category-featured","category-guerrero"],"_links":{"self":[{"href":"https:\/\/www.interaccionnoticias.com.mx\/index.php?rest_route=\/wp\/v2\/posts\/7890","targetHints":{"allow":["GET"]}}],"collection":[{"href":"https:\/\/www.interaccionnoticias.com.mx\/index.php?rest_route=\/wp\/v2\/posts"}],"about":[{"href":"https:\/\/www.interaccionnoticias.com.mx\/index.php?rest_route=\/wp\/v2\/types\/post"}],"author":[{"embeddable":true,"href":"https:\/\/www.interaccionnoticias.com.mx\/index.php?rest_route=\/wp\/v2\/users\/1"}],"replies":[{"embeddable":true,"href":"https:\/\/www.interaccionnoticias.com.mx\/index.php?rest_route=%2Fwp%2Fv2%2Fcomments&post=7890"}],"version-history":[{"count":0,"href":"https:\/\/www.interaccionnoticias.com.mx\/index.php?rest_route=\/wp\/v2\/posts\/7890\/revisions"}],"wp:attachment":[{"href":"https:\/\/www.interaccionnoticias.com.mx\/index.php?rest_route=%2Fwp%2Fv2%2Fmedia&parent=7890"}],"wp:term":[{"taxonomy":"category","embeddable":true,"href":"https:\/\/www.interaccionnoticias.com.mx\/index.php?rest_route=%2Fwp%2Fv2%2Fcategories&post=7890"},{"taxonomy":"post_tag","embeddable":true,"href":"https:\/\/www.interaccionnoticias.com.mx\/index.php?rest_route=%2Fwp%2Fv2%2Ftags&post=7890"}],"curies":[{"name":"wp","href":"https:\/\/api.w.org\/{rel}","templated":true}]}}