{"id":7881,"date":"2017-09-08T01:26:08","date_gmt":"2017-09-08T06:26:08","guid":{"rendered":"http:\/\/www.inter-accion.com.mx\/?p=7881"},"modified":"2017-09-08T01:26:08","modified_gmt":"2017-09-08T06:26:08","slug":"cat-semar-y-spcgro-emite-aviso-por-aumento-de-marea-a-causa-de-sismo-de-8-4-grados","status":"publish","type":"post","link":"https:\/\/www.interaccionnoticias.com.mx\/?p=7881","title":{"rendered":"CAT \u2013 SEMAR Y SPCGRO, EMITE AVISO POR AUMENTO DE MAREA A CAUSA DE SISMO DE 8.4 GRADOS."},"content":{"rendered":"<p><strong>Acapulco, Gro.,&nbsp;<\/strong>La Secretar\u00eda de Protecci\u00f3n Civil Guerrero, informa que derivado del sismo registrado la noche del jueves, de magnitud 8.4 en la escala de Richter, el Centro de Alerta de Tsunamis (CAT \u2013 SEMAR) emiti\u00f3 un aviso de incremento en la marea, mayormente perceptible en la regi\u00f3n de generaci\u00f3n del movimiento tel\u00farico.<br \/>\nEl aviso dirigido a autoridades civiles y navales, precisa que en base a la informaci\u00f3n preliminar del sismo y a datos hist\u00f3ricos de tsunamis generados en M\u00e9xico, se espera inundaci\u00f3n de las zonas bajas hasta una altura de 4.8 metros sobre el nivel de la marea en la regi\u00f3n epicentro.<br \/>\nEntre las regiones con mayor incremento de marea se contemplan, los estados de Chiapas y Oaxaca, mientras que para el estado de Guerrero se espera un incremento de 2.27 metros para las Playas de Marquelia y Barra de Tecoanapa; mientras que en la Bah\u00eda de Acapulco la altura de las olas podr\u00eda superar el 1.30 metro de altura, al igual que en la localidad de Punta de Maldonado.<br \/>\nEn el resto de las playas de la entidad, la altura de este fen\u00f3meno se prev\u00e9 no sobrepase los 60 cent\u00edmetros de altura.<br \/>\nSe recomienda a la poblaci\u00f3n mantenerse alejada de las zonas bajas hasta la cancelaci\u00f3n de este aviso, as\u00ed como aplicar las medidas preventivas necesarias, a fin de asegurar el mobiliario ubicado en las zonas de playas, ante la ocurrencia de fuertes corrientes de arrastre.<br \/>\nLa Secretar\u00eda de Protecci\u00f3n Civil Guerrero exhorta a la poblaci\u00f3n permanecer atentos a la informaci\u00f3n emitida por las diferentes autoridades en la materia y reportar cualquier incidencia al n\u00famero de emergencia 911.<\/p>\n","protected":false},"excerpt":{"rendered":"<p>Acapulco, Gro.,&nbsp;La Secretar\u00eda de Protecci\u00f3n Civil Guerrero, informa que derivado del sismo registrado la noche del jueves, de magnitud 8.4 en la escala de Richter, el Centro de Alerta de&hellip; <\/p>\n","protected":false},"author":1,"featured_media":0,"comment_status":"closed","ping_status":"closed","sticky":false,"template":"","format":"standard","meta":{"fifu_image_url":"","fifu_image_alt":"","footnotes":""},"categories":[8,23],"tags":[],"class_list":["post-7881","post","type-post","status-publish","format-standard","hentry","category-featured","category-regionales"],"_links":{"self":[{"href":"https:\/\/www.interaccionnoticias.com.mx\/index.php?rest_route=\/wp\/v2\/posts\/7881","targetHints":{"allow":["GET"]}}],"collection":[{"href":"https:\/\/www.interaccionnoticias.com.mx\/index.php?rest_route=\/wp\/v2\/posts"}],"about":[{"href":"https:\/\/www.interaccionnoticias.com.mx\/index.php?rest_route=\/wp\/v2\/types\/post"}],"author":[{"embeddable":true,"href":"https:\/\/www.interaccionnoticias.com.mx\/index.php?rest_route=\/wp\/v2\/users\/1"}],"replies":[{"embeddable":true,"href":"https:\/\/www.interaccionnoticias.com.mx\/index.php?rest_route=%2Fwp%2Fv2%2Fcomments&post=7881"}],"version-history":[{"count":0,"href":"https:\/\/www.interaccionnoticias.com.mx\/index.php?rest_route=\/wp\/v2\/posts\/7881\/revisions"}],"wp:attachment":[{"href":"https:\/\/www.interaccionnoticias.com.mx\/index.php?rest_route=%2Fwp%2Fv2%2Fmedia&parent=7881"}],"wp:term":[{"taxonomy":"category","embeddable":true,"href":"https:\/\/www.interaccionnoticias.com.mx\/index.php?rest_route=%2Fwp%2Fv2%2Fcategories&post=7881"},{"taxonomy":"post_tag","embeddable":true,"href":"https:\/\/www.interaccionnoticias.com.mx\/index.php?rest_route=%2Fwp%2Fv2%2Ftags&post=7881"}],"curies":[{"name":"wp","href":"https:\/\/api.w.org\/{rel}","templated":true}]}}