{"id":78748,"date":"2024-06-18T13:46:20","date_gmt":"2024-06-18T18:46:20","guid":{"rendered":"https:\/\/www.interaccionnoticias.com.mx\/?p=78748"},"modified":"2024-06-18T13:46:22","modified_gmt":"2024-06-18T18:46:22","slug":"cierran-avenida-gobernadores-y-tanques-de-la-viguri-para-exigir-agua","status":"publish","type":"post","link":"https:\/\/www.interaccionnoticias.com.mx\/?p=78748","title":{"rendered":"Cierran avenida Gobernadores y tanques de la Viguri para exigir agua"},"content":{"rendered":"\n<p><strong><em>&#8212; Vecinos de la colonia Cooperativa exigen al Ayuntamiento una soluci\u00f3n al desabastecimiento de agua<\/em><\/strong><\/p>\n\n\n\n<p><strong>Jes\u00fas Dorantes<\/strong><\/p>\n\n\n\n<p><strong>Chilpancingo, Gro.-<\/strong> Vecinos de la colonia Cooperativa cerraron la avenida Gobernadores y los tanques de almacenamiento de agua de la colonia Viguri, para exigir a la Comisi\u00f3n de Agua Potable y Alcantarillado de Chilpancingo (CAPACH) que les suministre el servicio del vital l\u00edquido en sus hogares.<\/p>\n\n\n\n<p>Desde las 9:00 horas del martes decenas de inconformes cerraron la referida avenida, adem\u00e1s de los entronques con la calle Vicente Lombardo Toledano, L\u00e1zaro C\u00e1rdenas y 24 de Abril para denunciar la falta de agua en sus hogares Desde hace dos meses.<\/p>\n\n\n\n<p>Dentro del cierre de calles Pablo Ch\u00e1vez Salgado vecino de la referida zona denunci\u00f3 que no se pueden seguir abasteciendo con pipas ya que \u00e9stas han hasta triplicado su costo en los \u00faltimos meses sin que exista alguien que lo regule.<\/p>\n\n\n\n<p>Adem\u00e1s se\u00f1al\u00f3 que como se ha dado a conocer por las autoridades, se tiene conocimiento de la escasez de agua por la que atraviesa el municipio, por lo que exigieron que el Ayuntamiento ofrezca alguna otra soluci\u00f3n.<\/p>\n\n\n\n<p>Luego de dos horas del bloqueo y al no tener resultados, los manifestantes se trasladaron a la colonia Viguri donde cerraron el acceso a los tanques de abastecimiento de agua, impidiendo As\u00ed que los choferes de pipas puedan abastecerse para vender el l\u00edquido.<\/p>\n","protected":false},"excerpt":{"rendered":"<p>&#8212; Vecinos de la colonia Cooperativa exigen al Ayuntamiento una soluci\u00f3n al desabastecimiento de agua Jes\u00fas Dorantes Chilpancingo, Gro.- Vecinos de la colonia Cooperativa cerraron la avenida Gobernadores y los&hellip; <\/p>\n","protected":false},"author":8,"featured_media":78749,"comment_status":"open","ping_status":"open","sticky":false,"template":"","format":"standard","meta":{"fifu_image_url":"","fifu_image_alt":"","footnotes":""},"categories":[13],"tags":[],"class_list":["post-78748","post","type-post","status-publish","format-standard","has-post-thumbnail","hentry","category-capital"],"_links":{"self":[{"href":"https:\/\/www.interaccionnoticias.com.mx\/index.php?rest_route=\/wp\/v2\/posts\/78748","targetHints":{"allow":["GET"]}}],"collection":[{"href":"https:\/\/www.interaccionnoticias.com.mx\/index.php?rest_route=\/wp\/v2\/posts"}],"about":[{"href":"https:\/\/www.interaccionnoticias.com.mx\/index.php?rest_route=\/wp\/v2\/types\/post"}],"author":[{"embeddable":true,"href":"https:\/\/www.interaccionnoticias.com.mx\/index.php?rest_route=\/wp\/v2\/users\/8"}],"replies":[{"embeddable":true,"href":"https:\/\/www.interaccionnoticias.com.mx\/index.php?rest_route=%2Fwp%2Fv2%2Fcomments&post=78748"}],"version-history":[{"count":1,"href":"https:\/\/www.interaccionnoticias.com.mx\/index.php?rest_route=\/wp\/v2\/posts\/78748\/revisions"}],"predecessor-version":[{"id":78750,"href":"https:\/\/www.interaccionnoticias.com.mx\/index.php?rest_route=\/wp\/v2\/posts\/78748\/revisions\/78750"}],"wp:featuredmedia":[{"embeddable":true,"href":"https:\/\/www.interaccionnoticias.com.mx\/index.php?rest_route=\/wp\/v2\/media\/78749"}],"wp:attachment":[{"href":"https:\/\/www.interaccionnoticias.com.mx\/index.php?rest_route=%2Fwp%2Fv2%2Fmedia&parent=78748"}],"wp:term":[{"taxonomy":"category","embeddable":true,"href":"https:\/\/www.interaccionnoticias.com.mx\/index.php?rest_route=%2Fwp%2Fv2%2Fcategories&post=78748"},{"taxonomy":"post_tag","embeddable":true,"href":"https:\/\/www.interaccionnoticias.com.mx\/index.php?rest_route=%2Fwp%2Fv2%2Ftags&post=78748"}],"curies":[{"name":"wp","href":"https:\/\/api.w.org\/{rel}","templated":true}]}}