{"id":78736,"date":"2024-06-17T20:48:01","date_gmt":"2024-06-18T01:48:01","guid":{"rendered":"https:\/\/www.interaccionnoticias.com.mx\/?p=78736"},"modified":"2024-06-17T20:48:03","modified_gmt":"2024-06-18T01:48:03","slug":"a-balazos-asesinan-a-alcalde-electo-de-copala-en-guerrero","status":"publish","type":"post","link":"https:\/\/www.interaccionnoticias.com.mx\/?p=78736","title":{"rendered":"A balazos asesinan a alcalde electo de Copala, en Guerrero"},"content":{"rendered":"\n<p><em><strong>&#8212; Ejecutado de cuatro disparos dentro de un autob\u00fas en Acapulco<br>&#8212; Ten\u00eda amenazas de muerte desde que empez\u00f3 la campa\u00f1a<\/strong><\/em><\/p>\n\n\n\n<p><strong>Javier Trujillo<\/strong><\/p>\n\n\n\n<p><strong>Acapulco, Gro.-<\/strong> El Partido M\u00e9xico Avanza, inscribi\u00f3 de \u00faltimo momento a Salvador Villava Flores como candidato a la presidencia municipal de Copala en los comicios del pasado 2 de junio en la regi\u00f3n de la Costa Chica.<\/p>\n\n\n\n<p>En aquella jornada electoral, el partido de reciente creaci\u00f3n M\u00e9xico Avanza, postul\u00f3 a Salvador, uno de los m\u00e1s cercanos colaboradores de Jes\u00fas \u201cChucho\u201d R\u00edos, quien fue privado de su libertad el pasado 28 de junio y encontrado sin vida el 29 a inmediaciones de Cruz Grande.<\/p>\n\n\n\n<p>En esta localidad la alcaldesa Guadalupe Garc\u00eda Villava, emanada de las filas del PRD, gobierna este municipio, y ahora fue electa diputada local por el distrito XV en la regi\u00f3n de la Costa Chica por MORENA, con una de las m\u00e1s bajas votaciones en los 28 distritos locales de Guerrero.<\/p>\n\n\n\n<p>Esta madrugada, regresaba de la Ciudad de M\u00e9xico a bordo del autob\u00fas de la empresa Recorriendo el Territorio Nacional (RTN), n\u00famero econ\u00f3mico 088, cuando al filo de las 04:20 horas hombres armados le cerraron el paso.<\/p>\n\n\n\n<p>La unidad se desplazaba a velocidad moderada y justamente en el poblado San Pedro Las Playas, una camioneta se les cerr\u00f3, sujetos con armas de alto poder gritaron que se trataba de un asalto, en la carretera Acapulco-Pinotepa Nacional.<\/p>\n\n\n\n<p>En seguida enca\u00f1onaron al chofer de la unidad al que obligaron a bajar y enseguida lo golpearon, sometido qued\u00f3 en el asfalto.<\/p>\n\n\n\n<p>Dos sujetos m\u00e1s subieron a la unidad, llevaban la fotograf\u00eda de Salvador Villalva en un tel\u00e9fono celular en la mano.<\/p>\n\n\n\n<p>Revisaron a cada uno de los pasajeros en sus asientos, hasta que encontraron a su v\u00edctima y le dispararon en cuatro ocasiones, hiri\u00e9ndolo de muerte en la cabeza, y t\u00f3rax, para bajar en seguida.<\/p>\n\n\n\n<p>Antes de huir, los sujetos armados que viajaban en una camioneta le dispararon a una de las llantas traseras del lado derecho del autob\u00fas, para evitar que movieran la unidad y ellos huyeron.<\/p>\n\n\n\n<p>As\u00ed, el alcalde electo de Copala en la regi\u00f3n de la Costa Chica de Guerrero, y capit\u00e1n retirado Salvador Villalva, fue ultimado a balazos esta madrugada en el poblado de San Pedro Las Playas, zona rural de Acapulco.<\/p>\n\n\n\n<p>El capit\u00e1n de marina retirado, contendi\u00f3 en las elecciones del pasado 2 de junio como candidato a alcalde del municipio de Copala, bajo las siglas del partido de nueva creaci\u00f3n M\u00e9xico Avanza y ten\u00eda medidas cautelares por parte de las autoridades de la Guardia Nacional.<\/p>\n\n\n\n<p>Tras el ataque se inform\u00f3 que una mujer que viajaba como pasajera en el autob\u00fas result\u00f3 herida por los disparos y fue trasladada a un centro hospitalario del puerto, donde la brindaron los primeros auxilios y se indica que su estado de salud es grave, pero estable.<\/p>\n\n\n\n<div class=\"wp-block-jetpack-slideshow aligncenter\" data-effect=\"slide\"><div class=\"wp-block-jetpack-slideshow_container swiper-container\"><ul class=\"wp-block-jetpack-slideshow_swiper-wrapper swiper-wrapper\"><li class=\"wp-block-jetpack-slideshow_slide swiper-slide\"><figure><img decoding=\"async\" src=\"data:image\/gif;base64,R0lGODlhAQABAIAAAAAAAP\/\/\/ywAAAAAAQABAAACAUwAOw==\" fifu-lazy=\"1\" fifu-data-sizes=\"auto\" fifu-data-srcset=\"https:\/\/i1.wp.com\/www.interaccionnoticias.com.mx\/wp-content\/uploads\/2024\/06\/240617-asesinan-a-alcalde-electo-2-1024x683.jpg?ssl=1&w=75&resize=75&ssl=1 75w, https:\/\/i1.wp.com\/www.interaccionnoticias.com.mx\/wp-content\/uploads\/2024\/06\/240617-asesinan-a-alcalde-electo-2-1024x683.jpg?ssl=1&w=100&resize=100&ssl=1 100w, https:\/\/i1.wp.com\/www.interaccionnoticias.com.mx\/wp-content\/uploads\/2024\/06\/240617-asesinan-a-alcalde-electo-2-1024x683.jpg?ssl=1&w=150&resize=150&ssl=1 150w, https:\/\/i1.wp.com\/www.interaccionnoticias.com.mx\/wp-content\/uploads\/2024\/06\/240617-asesinan-a-alcalde-electo-2-1024x683.jpg?ssl=1&w=240&resize=240&ssl=1 240w, https:\/\/i1.wp.com\/www.interaccionnoticias.com.mx\/wp-content\/uploads\/2024\/06\/240617-asesinan-a-alcalde-electo-2-1024x683.jpg?ssl=1&w=320&resize=320&ssl=1 320w, https:\/\/i1.wp.com\/www.interaccionnoticias.com.mx\/wp-content\/uploads\/2024\/06\/240617-asesinan-a-alcalde-electo-2-1024x683.jpg?ssl=1&w=500&resize=500&ssl=1 500w, https:\/\/i1.wp.com\/www.interaccionnoticias.com.mx\/wp-content\/uploads\/2024\/06\/240617-asesinan-a-alcalde-electo-2-1024x683.jpg?ssl=1&w=640&resize=640&ssl=1 640w, https:\/\/i1.wp.com\/www.interaccionnoticias.com.mx\/wp-content\/uploads\/2024\/06\/240617-asesinan-a-alcalde-electo-2-1024x683.jpg?ssl=1&w=800&resize=800&ssl=1 800w, https:\/\/i1.wp.com\/www.interaccionnoticias.com.mx\/wp-content\/uploads\/2024\/06\/240617-asesinan-a-alcalde-electo-2-1024x683.jpg?ssl=1&w=1024&resize=1024&ssl=1 1024w, https:\/\/i1.wp.com\/www.interaccionnoticias.com.mx\/wp-content\/uploads\/2024\/06\/240617-asesinan-a-alcalde-electo-2-1024x683.jpg?ssl=1&w=1280&resize=1280&ssl=1 1280w, https:\/\/i1.wp.com\/www.interaccionnoticias.com.mx\/wp-content\/uploads\/2024\/06\/240617-asesinan-a-alcalde-electo-2-1024x683.jpg?ssl=1&w=1600&resize=1600&ssl=1 1600w\" alt=\"\" class=\"wp-block-jetpack-slideshow_image wp-image-78737\" data-id=\"78737\" fifu-data-src=\"https:\/\/i1.wp.com\/www.interaccionnoticias.com.mx\/wp-content\/uploads\/2024\/06\/240617-asesinan-a-alcalde-electo-2-1024x683.jpg?ssl=1\"\/><\/figure><\/li><li class=\"wp-block-jetpack-slideshow_slide swiper-slide\"><figure><img decoding=\"async\" src=\"data:image\/gif;base64,R0lGODlhAQABAIAAAAAAAP\/\/\/ywAAAAAAQABAAACAUwAOw==\" fifu-lazy=\"1\" fifu-data-sizes=\"auto\" fifu-data-srcset=\"https:\/\/i3.wp.com\/www.interaccionnoticias.com.mx\/wp-content\/uploads\/2024\/06\/240617-asesinan-a-alcalde-electo-3-1024x683.jpg?ssl=1&w=75&resize=75&ssl=1 75w, https:\/\/i3.wp.com\/www.interaccionnoticias.com.mx\/wp-content\/uploads\/2024\/06\/240617-asesinan-a-alcalde-electo-3-1024x683.jpg?ssl=1&w=100&resize=100&ssl=1 100w, https:\/\/i3.wp.com\/www.interaccionnoticias.com.mx\/wp-content\/uploads\/2024\/06\/240617-asesinan-a-alcalde-electo-3-1024x683.jpg?ssl=1&w=150&resize=150&ssl=1 150w, https:\/\/i3.wp.com\/www.interaccionnoticias.com.mx\/wp-content\/uploads\/2024\/06\/240617-asesinan-a-alcalde-electo-3-1024x683.jpg?ssl=1&w=240&resize=240&ssl=1 240w, https:\/\/i3.wp.com\/www.interaccionnoticias.com.mx\/wp-content\/uploads\/2024\/06\/240617-asesinan-a-alcalde-electo-3-1024x683.jpg?ssl=1&w=320&resize=320&ssl=1 320w, https:\/\/i3.wp.com\/www.interaccionnoticias.com.mx\/wp-content\/uploads\/2024\/06\/240617-asesinan-a-alcalde-electo-3-1024x683.jpg?ssl=1&w=500&resize=500&ssl=1 500w, https:\/\/i3.wp.com\/www.interaccionnoticias.com.mx\/wp-content\/uploads\/2024\/06\/240617-asesinan-a-alcalde-electo-3-1024x683.jpg?ssl=1&w=640&resize=640&ssl=1 640w, https:\/\/i3.wp.com\/www.interaccionnoticias.com.mx\/wp-content\/uploads\/2024\/06\/240617-asesinan-a-alcalde-electo-3-1024x683.jpg?ssl=1&w=800&resize=800&ssl=1 800w, https:\/\/i3.wp.com\/www.interaccionnoticias.com.mx\/wp-content\/uploads\/2024\/06\/240617-asesinan-a-alcalde-electo-3-1024x683.jpg?ssl=1&w=1024&resize=1024&ssl=1 1024w, https:\/\/i3.wp.com\/www.interaccionnoticias.com.mx\/wp-content\/uploads\/2024\/06\/240617-asesinan-a-alcalde-electo-3-1024x683.jpg?ssl=1&w=1280&resize=1280&ssl=1 1280w, https:\/\/i3.wp.com\/www.interaccionnoticias.com.mx\/wp-content\/uploads\/2024\/06\/240617-asesinan-a-alcalde-electo-3-1024x683.jpg?ssl=1&w=1600&resize=1600&ssl=1 1600w\" alt=\"\" class=\"wp-block-jetpack-slideshow_image wp-image-78738\" data-id=\"78738\" fifu-data-src=\"https:\/\/i3.wp.com\/www.interaccionnoticias.com.mx\/wp-content\/uploads\/2024\/06\/240617-asesinan-a-alcalde-electo-3-1024x683.jpg?ssl=1\"\/><\/figure><\/li><li class=\"wp-block-jetpack-slideshow_slide swiper-slide\"><figure><img decoding=\"async\" src=\"data:image\/gif;base64,R0lGODlhAQABAIAAAAAAAP\/\/\/ywAAAAAAQABAAACAUwAOw==\" fifu-lazy=\"1\" fifu-data-sizes=\"auto\" fifu-data-srcset=\"https:\/\/i2.wp.com\/www.interaccionnoticias.com.mx\/wp-content\/uploads\/2024\/06\/240617-asesinan-a-alcalde-electo-1-1024x683.jpg?ssl=1&w=75&resize=75&ssl=1 75w, https:\/\/i2.wp.com\/www.interaccionnoticias.com.mx\/wp-content\/uploads\/2024\/06\/240617-asesinan-a-alcalde-electo-1-1024x683.jpg?ssl=1&w=100&resize=100&ssl=1 100w, https:\/\/i2.wp.com\/www.interaccionnoticias.com.mx\/wp-content\/uploads\/2024\/06\/240617-asesinan-a-alcalde-electo-1-1024x683.jpg?ssl=1&w=150&resize=150&ssl=1 150w, https:\/\/i2.wp.com\/www.interaccionnoticias.com.mx\/wp-content\/uploads\/2024\/06\/240617-asesinan-a-alcalde-electo-1-1024x683.jpg?ssl=1&w=240&resize=240&ssl=1 240w, https:\/\/i2.wp.com\/www.interaccionnoticias.com.mx\/wp-content\/uploads\/2024\/06\/240617-asesinan-a-alcalde-electo-1-1024x683.jpg?ssl=1&w=320&resize=320&ssl=1 320w, https:\/\/i2.wp.com\/www.interaccionnoticias.com.mx\/wp-content\/uploads\/2024\/06\/240617-asesinan-a-alcalde-electo-1-1024x683.jpg?ssl=1&w=500&resize=500&ssl=1 500w, https:\/\/i2.wp.com\/www.interaccionnoticias.com.mx\/wp-content\/uploads\/2024\/06\/240617-asesinan-a-alcalde-electo-1-1024x683.jpg?ssl=1&w=640&resize=640&ssl=1 640w, https:\/\/i2.wp.com\/www.interaccionnoticias.com.mx\/wp-content\/uploads\/2024\/06\/240617-asesinan-a-alcalde-electo-1-1024x683.jpg?ssl=1&w=800&resize=800&ssl=1 800w, https:\/\/i2.wp.com\/www.interaccionnoticias.com.mx\/wp-content\/uploads\/2024\/06\/240617-asesinan-a-alcalde-electo-1-1024x683.jpg?ssl=1&w=1024&resize=1024&ssl=1 1024w, https:\/\/i2.wp.com\/www.interaccionnoticias.com.mx\/wp-content\/uploads\/2024\/06\/240617-asesinan-a-alcalde-electo-1-1024x683.jpg?ssl=1&w=1280&resize=1280&ssl=1 1280w, https:\/\/i2.wp.com\/www.interaccionnoticias.com.mx\/wp-content\/uploads\/2024\/06\/240617-asesinan-a-alcalde-electo-1-1024x683.jpg?ssl=1&w=1600&resize=1600&ssl=1 1600w\" alt=\"\" class=\"wp-block-jetpack-slideshow_image wp-image-78739\" data-id=\"78739\" fifu-data-src=\"https:\/\/i2.wp.com\/www.interaccionnoticias.com.mx\/wp-content\/uploads\/2024\/06\/240617-asesinan-a-alcalde-electo-1-1024x683.jpg?ssl=1\"\/><\/figure><\/li><\/ul><a class=\"wp-block-jetpack-slideshow_button-prev swiper-button-prev swiper-button-white\" role=\"button\"><\/a><a class=\"wp-block-jetpack-slideshow_button-next swiper-button-next swiper-button-white\" role=\"button\"><\/a><a aria-label=\"Pause Slideshow\" class=\"wp-block-jetpack-slideshow_button-pause\" role=\"button\"><\/a><div class=\"wp-block-jetpack-slideshow_pagination swiper-pagination swiper-pagination-white\"><\/div><\/div><\/div>\n","protected":false},"excerpt":{"rendered":"<p>&#8212; Ejecutado de cuatro disparos dentro de un autob\u00fas en Acapulco&#8212; Ten\u00eda amenazas de muerte desde que empez\u00f3 la campa\u00f1a Javier Trujillo Acapulco, Gro.- El Partido M\u00e9xico Avanza, inscribi\u00f3 de&hellip; <\/p>\n","protected":false},"author":3,"featured_media":78738,"comment_status":"open","ping_status":"open","sticky":false,"template":"","format":"standard","meta":{"fifu_image_url":"","fifu_image_alt":"","footnotes":""},"categories":[27],"tags":[],"class_list":["post-78736","post","type-post","status-publish","format-standard","has-post-thumbnail","hentry","category-seguridad-publica"],"_links":{"self":[{"href":"https:\/\/www.interaccionnoticias.com.mx\/index.php?rest_route=\/wp\/v2\/posts\/78736","targetHints":{"allow":["GET"]}}],"collection":[{"href":"https:\/\/www.interaccionnoticias.com.mx\/index.php?rest_route=\/wp\/v2\/posts"}],"about":[{"href":"https:\/\/www.interaccionnoticias.com.mx\/index.php?rest_route=\/wp\/v2\/types\/post"}],"author":[{"embeddable":true,"href":"https:\/\/www.interaccionnoticias.com.mx\/index.php?rest_route=\/wp\/v2\/users\/3"}],"replies":[{"embeddable":true,"href":"https:\/\/www.interaccionnoticias.com.mx\/index.php?rest_route=%2Fwp%2Fv2%2Fcomments&post=78736"}],"version-history":[{"count":1,"href":"https:\/\/www.interaccionnoticias.com.mx\/index.php?rest_route=\/wp\/v2\/posts\/78736\/revisions"}],"predecessor-version":[{"id":78740,"href":"https:\/\/www.interaccionnoticias.com.mx\/index.php?rest_route=\/wp\/v2\/posts\/78736\/revisions\/78740"}],"wp:featuredmedia":[{"embeddable":true,"href":"https:\/\/www.interaccionnoticias.com.mx\/index.php?rest_route=\/wp\/v2\/media\/78738"}],"wp:attachment":[{"href":"https:\/\/www.interaccionnoticias.com.mx\/index.php?rest_route=%2Fwp%2Fv2%2Fmedia&parent=78736"}],"wp:term":[{"taxonomy":"category","embeddable":true,"href":"https:\/\/www.interaccionnoticias.com.mx\/index.php?rest_route=%2Fwp%2Fv2%2Fcategories&post=78736"},{"taxonomy":"post_tag","embeddable":true,"href":"https:\/\/www.interaccionnoticias.com.mx\/index.php?rest_route=%2Fwp%2Fv2%2Ftags&post=78736"}],"curies":[{"name":"wp","href":"https:\/\/api.w.org\/{rel}","templated":true}]}}